{"id":502607,"date":"2025-10-16T07:15:16","date_gmt":"2025-10-16T07:15:16","guid":{"rendered":"https:\/\/www.europesays.com\/de\/502607\/"},"modified":"2025-10-16T07:15:16","modified_gmt":"2025-10-16T07:15:16","slug":"la-grande-boucle-kostet-rechtspopulisten-stimmen","status":"publish","type":"post","link":"https:\/\/www.europesays.com\/de\/502607\/","title":{"rendered":"La Grande Boucle kostet Rechtspopulisten Stimmen"},"content":{"rendered":"<p class=\"mb-2 font-sans text-base font-thin leading-[26px] md:mb-[16px] md:text-xl md:leading-[32px]\">Vor allem in Randregionen f\u00fchrt die Tour de France zu einem sinkenden W\u00e4hleranteil rechtspopulistischer Parteien. Das liegt an wirtschaftlichen Effekten, vor allem aber an der Befindlichkeit der Bev\u00f6lkerung.<\/p>\n<p><img class=\"absolute left-0 top-0 block h-full w-full  \"  width=\"5472\" height=\"3648\" alt=\"Wenn die Tour de France vorbeikommt, lassen sich die Franzosen etwas einfallen.\" style=\"cursor:pointer;transform:scale(1)\" loading=\"lazy\" \/>Wenn die Tour de France vorbeikommt, lassen sich die Franzosen etwas einfallen.<\/p>\n<p>Tim De Waele \/ Corbis via Getty<\/p>\n<p class=\"articlecomponent text-paper-950 dark:text-paper-50 darknzz:text-paper-50 dark:lightnzz:text-paper-950 font-serif text-lg font-normal leading-[1.56] md:text-xl md:leading-[1.6]\" id=\"id-doc-1j7epe7nh0\" componenttype=\"p\" data-team-paragraph=\"true\">Die Tour de France bringt ganze Regionen Frankreichs aus dem H\u00e4uschen. Durchquert La Grande Boucle jeden Sommer das Land, lassen sich Radsport-Verr\u00fcckte allerhand einfallen. Bauern konstruieren zum Beispiel auf einem Feld aus Strohballen ein symbolisches Velo, stellen dessen R\u00e4der mit im Kreis fahrenden Traktoren dar. Entlang der Strecke gibt es Fans, die in Unterhosen auf Spinning-Bikes strampeln oder sich mit kreativen Kost\u00fcmen gegenseitig \u00fcbertreffen.<\/p>\n<p>Optimieren Sie Ihre Browsereinstellungen<\/p>\n<p>NZZ.ch ben\u00f6tigt JavaScript f\u00fcr wichtige Funktionen. Ihr Browser oder Adblocker verhindert dies momentan.<\/p>\n<p>Bitte passen Sie die Einstellungen an.<\/p>\n<p class=\"nzzinteraction articlecomponent text-paper-950 dark:text-paper-50 darknzz:text-paper-50 dark:lightnzz:text-paper-950 font-serif text-lg font-normal leading-[1.56] md:text-xl md:leading-[1.6]\" id=\"id-doc-1j7epheeh0\" componenttype=\"p\" data-team-paragraph=\"true\">Sie machen das alles f\u00fcr wenige Sekunden Aufmerksamkeit in der TV-\u00dcbertragung. Diesen Wunsch hegen nicht nur Zuschauerinnen und Zuschauer, sondern auch franz\u00f6sische Gemeinden. Etwa 300 bewerben sich jedes Jahr darum, Etappenort der gr\u00f6ssten Rundfahrt der Welt zu werden. Bekommen sie den Zuschlag, sanieren die Kommunen die Strassen, putzen sich heraus und feiern ein Volksfest. Im Gegenzug hoffen sie auf ausgebuchte Hotels, Ums\u00e4tze in der Gastronomie und vor allem Aufmerksamkeit.<\/p>\n<p class=\"nzzinteraction articlecomponent text-paper-950 dark:text-paper-50 darknzz:text-paper-50 dark:lightnzz:text-paper-950 font-serif text-lg font-normal leading-[1.56] md:text-xl md:leading-[1.6]\" id=\"id-doc-1j7epe8vv0\" componenttype=\"p\" data-team-paragraph=\"true\">Doch nicht nur der Habitus eines Etappenortes ver\u00e4ndert sich, auch die Politlandschaft. Das geht aus der Studie <a target=\"_blank\" href=\"https:\/\/osf.io\/preprints\/socarxiv\/fj4vh_v1\" rel=\"noopener\">\u00abCycling through Elections: The Political Consequences of the Tour de France\u00bb<\/a> hervor. Daf\u00fcr haben Wissenschafterinnen und Wissenschafter der Universit\u00e4ten Z\u00fcrich und Mailand die Resultate franz\u00f6sischer Parlaments- und Pr\u00e4sidentschaftswahlen zwischen 2002 und 2022 analysiert.<\/p>\n<p>Das Pro-Kopf-Einkommen steigt um 56 Euro pro Jahr<\/p>\n<p class=\"nzzinteraction articlecomponent text-paper-950 dark:text-paper-50 darknzz:text-paper-50 dark:lightnzz:text-paper-950 font-serif text-lg font-normal leading-[1.56] md:text-xl md:leading-[1.6]\" id=\"id-doc-1j724hf4j0\" componenttype=\"p\" data-team-paragraph=\"true\">Das Resultat der Studie, die noch mit einem Peer-Review \u00fcberpr\u00fcft wird, \u00fcberrascht. In Gemeinden, die in den f\u00fcnf Jahren vor einer Wahl vom Tour-Tross durchquert wurden oder sogar Start- oder Zielort waren, sank der W\u00e4hleranteil rechtspopulistischer Parteien signifikant \u2013 um 1 bis 2 Prozent.<\/p>\n<p class=\"nzzinteraction articlecomponent text-paper-950 dark:text-paper-50 darknzz:text-paper-50 dark:lightnzz:text-paper-950 font-serif text-lg font-normal leading-[1.56] md:text-xl md:leading-[1.6]\" id=\"id-doc-1j7eq23u81\" componenttype=\"p\" data-team-paragraph=\"true\">Am gr\u00f6ssten war der Effekt in finanzschwachen Gemeinden in Randregionen. Also an Orten, wo Deindustrialisierung und ein schwacher Arbeitsmarkt zur Krise gef\u00fchrt hatten. Gem\u00e4ss den Studienautoren sind das Treiber f\u00fcr einen erh\u00f6hten W\u00e4hleranteil rechtspopulistischer Partien.<\/p>\n<p class=\"nzzinteraction articlecomponent text-paper-950 dark:text-paper-50 darknzz:text-paper-50 dark:lightnzz:text-paper-950 font-serif text-lg font-normal leading-[1.56] md:text-xl md:leading-[1.6]\" id=\"id-doc-1j7274m0s0\" componenttype=\"p\" data-team-paragraph=\"true\">Die Studie beleuchtet deshalb nicht nur die politischen, sondern <a href=\"https:\/\/www.nzz.ch\/sport\/rad\/netflix-stoppt-unchained-der-radsport-im-vermarktungs-dilemma-ld.1892829\" target=\"_blank\" rel=\"noopener\">auch die wirtschaftlichen Auswirkungen der Tour<\/a>. Diese sind wie die politischen Auswirkungen statistisch signifikant, aber begrenzt. Das Pro-Kopf-Einkommen in einer Gemeinde stieg um durchschnittlich 56 Euro pro Jahr, das entspricht lediglich 0,14 Prozent.<\/p>\n<p><img class=\"absolute left-0 top-0 block h-full w-full  \"  width=\"3510\" height=\"2484\" alt=\"Die Tour, das Kulturgut: Zuschauer w\u00e4hrend der Tour de France im Jahr 1951.\" style=\"cursor:pointer;transform:scale(1)\" loading=\"lazy\" \/>Die Tour, das Kulturgut: Zuschauer w\u00e4hrend der Tour de France im Jahr 1951.<\/p>\n<p>Bettmann via Getty<\/p>\n<p class=\"nzzinteraction articlecomponent text-paper-950 dark:text-paper-50 darknzz:text-paper-50 dark:lightnzz:text-paper-950 font-serif text-lg font-normal leading-[1.56] md:text-xl md:leading-[1.6]\" id=\"id-doc-1j7endkk81\" componenttype=\"p\" data-team-paragraph=\"true\">Der Grund daf\u00fcr d\u00fcrften Mehreinnahmen im Tourismus sein: Hotels entlang der Strecke verzeichneten 20 Prozent bessere \u00dcbernachtungszahlen. Diese wirtschaftlichen Effekte hielten allerdings nur kurz an. Langfristige Auswirkungen auf die Arbeitslosenquote haben die Autorinnen und Autoren nicht nachgewiesen.<\/p>\n<p>Ein Fest des \u00abFranz\u00f6sisch-Seins\u00bb<\/p>\n<p class=\"nzzinteraction articlecomponent text-paper-950 dark:text-paper-50 darknzz:text-paper-50 dark:lightnzz:text-paper-950 font-serif text-lg font-normal leading-[1.56] md:text-xl md:leading-[1.6]\" id=\"id-doc-1j7epa7201\" componenttype=\"p\" data-team-paragraph=\"true\">Ma\u00eblle Delouis-Jost ist Doktorandin am Institut f\u00fcr Soziologie der Universit\u00e4t Z\u00fcrich und Co-Autorin der Studie. Aus ihrer Sicht ist die Ver\u00e4nderung des Wahlverhaltens kein Zufall. Daf\u00fcr sei nicht allein das marginal verbesserte Pro-Kopf-Einkommen verantwortlich, sondern eine \u00c4nderung in der Befindlichkeit der Menschen. \u00abGerade in l\u00e4ndlichen Regionen f\u00fchlt sich die Bev\u00f6lkerung vom Rest des Landes abgeh\u00e4ngt\u00bb, sagt sie. Dieses Gef\u00fchl haben die Studienautorinnen mit einem Fragebogen abgefragt. Dieses \u00abAbgeh\u00e4ngtsein\u00bb ist ein N\u00e4hrboden, auf <a href=\"https:\/\/www.nzz.ch\/international\/aufstieg-des-rassemblement-national-der-missverstandenen-ld.1837589\" target=\"_blank\" rel=\"noopener\">dem rechtspopulistische Parteien<\/a> besonders erfolgreich sind. Bis die Tour de France kommt.<\/p>\n<p><img class=\"absolute left-0 top-0 block h-full w-full  \"  width=\"422\" height=\"591\" alt=\"Ma\u00eblle Delouis-Jost, Soziologin Universit\u00e4t Z\u00fcrich.\" style=\"cursor:pointer;transform:scale(1)\" loading=\"lazy\" \/>Ma\u00eblle Delouis-Jost, Soziologin Universit\u00e4t Z\u00fcrich.<\/p>\n<p>PD<\/p>\n<p class=\"nzzinteraction articlecomponent text-paper-950 dark:text-paper-50 darknzz:text-paper-50 dark:lightnzz:text-paper-950 font-serif text-lg font-normal leading-[1.56] md:text-xl md:leading-[1.6]\" id=\"id-doc-1j7f27aom1\" componenttype=\"p\" data-team-paragraph=\"true\">Die Tour bringe nationale und internationale Aufmerksamkeit in die Peripherie, sagt Delouis-Jost: \u00abDas f\u00fchrt zu einer gr\u00f6sseren Verbundenheit, st\u00e4rkt das Gef\u00fchl dazuzugeh\u00f6ren.\u00bb Beg\u00fcnstigt werde dieser Effekt dadurch, dass w\u00e4hrend der Tour-\u00dcbertragungen im Fernsehen auch Sehensw\u00fcrdigkeiten gezeigt w\u00fcrden, das Rennen mehr als eine Sportveranstaltung sei.<\/p>\n<p class=\"nzzinteraction articlecomponent text-paper-950 dark:text-paper-50 darknzz:text-paper-50 dark:lightnzz:text-paper-950 font-serif text-lg font-normal leading-[1.56] md:text-xl md:leading-[1.6]\" id=\"id-doc-1j7gnfbvd1\" componenttype=\"p\" data-team-paragraph=\"true\">An der Tour de France zelebriert die Grande Nation ihren Nationalstolz, die Rundfahrt hat eine starke Symbolkraft. \u00abDie Tour ist ein <a href=\"https:\/\/www.nzz.ch\/panorama\/vive-la-france-eine-kleine-hommage-an-unser-nachbarland-ld.1890976\" target=\"_blank\" rel=\"noopener\">Fest des \u2039Franz\u00f6sisch-Seins\u203a<\/a>\u00bb, sagt Delouis-Jost \u2013 sie ist selbst Franz\u00f6sin. Er f\u00fchle sich, als sei seine Gemeinde wirklich wichtig, sagte ein Zuschauer nach einer Etappe an seinem Wohnort zu den Wissenschaftern. Dazu passt, dass der Wahlerfolg der Rechtspopulisten noch st\u00e4rker sinkt, wenn ein Franzose die betreffende Etappe gewinnt.<\/p>\n<p>65 Prozent der Bev\u00f6lkerung schauen an der Tour zu<\/p>\n<p class=\"nzzinteraction articlecomponent text-paper-950 dark:text-paper-50 darknzz:text-paper-50 dark:lightnzz:text-paper-950 font-serif text-lg font-normal leading-[1.56] md:text-xl md:leading-[1.6]\" id=\"id-doc-1j7en1j411\" componenttype=\"p\" data-team-paragraph=\"true\">Delouis-Jost erkl\u00e4rt sich den politischen Effekt auch damit, dass es w\u00e4hrend dreier Wochen im Sommer in Frankreich fast unm\u00f6glich ist, sich der Tour de France zu entziehen. Das liegt einerseits an der TV-\u00dcbertragung, 45 Millionen Franz\u00f6sinnen und Franzosen oder 65 Prozent der Gesamtbev\u00f6lkerung schauten w\u00e4hrend der letzten Austragung mindestens eine Minute lang zu; in Europa waren es 150 Millionen Menschen. Zu Spitzenzeiten sassen in Frankreich \u00fcber 8 Millionen vor dem TV \u2013 und gesch\u00e4tzte 12 bis 15 Millionen verfolgten eine Etappe am Strassenrand.<\/p>\n<p><img class=\"absolute left-0 top-0 block h-full w-full  \"  width=\"4667\" height=\"3114\" alt=\"Wenn die Tour in entlegene Regionen kommt, f\u00fchlt man sich dort wieder eingebundener - und w\u00e4hlt seltener Rechtspopulisten.\" style=\"cursor:pointer;transform:scale(1)\" loading=\"lazy\" \/>Wenn die Tour in entlegene Regionen kommt, f\u00fchlt man sich dort wieder eingebundener &#8211; und w\u00e4hlt seltener Rechtspopulisten.<\/p>\n<p>Tim De Waele \/ Getty<\/p>\n<p class=\"nzzinteraction articlecomponent text-paper-950 dark:text-paper-50 darknzz:text-paper-50 dark:lightnzz:text-paper-950 font-serif text-lg font-normal leading-[1.56] md:text-xl md:leading-[1.6]\" id=\"id-doc-1j7gni6qn1\" componenttype=\"p\" data-team-paragraph=\"true\">Velorennen finden nicht in abgeschlossenen Stadien statt, sondern in der Landschaft, was sie zug\u00e4nglich f\u00fcr alle macht. Die Tour ist Teil eines grossen Ganzen, durchquert prosperierende, aber auch \u00e4rmere Regionen Frankreichs, \u00fcberquert kulturelle Grenzen. \u00abDie Tour ist gratis f\u00fcr alle verf\u00fcgbar, steht w\u00e4hrend Wochen in allen Medien.\u00bb Und die Route sei nicht von der Politik beeinflusst, sagt Delouis-Jost: \u00abDas macht sie f\u00fcr uns interessant, um politische Auswirkungen zu untersuchen.\u00bb<\/p>\n<p class=\"nzzinteraction articlecomponent text-paper-950 dark:text-paper-50 darknzz:text-paper-50 dark:lightnzz:text-paper-950 font-serif text-lg font-normal leading-[1.56] md:text-xl md:leading-[1.6]\" id=\"id-doc-1j7eqnbdf1\" componenttype=\"p\" data-team-paragraph=\"true\">Delouis-Jost war selbst bei einigen Etappen dabei. \u00abMich haben die Verbundenheit und das Zusammengeh\u00f6rigkeitsgef\u00fchl der Bev\u00f6lkerung \u00fcberrascht\u00bb, sagt sie. Das best\u00e4tigt auch ein Zuschauer in der Studie. Er sagt, die Tour habe in seinem Wohnort die Menschen zusammengebracht. Bei ihm habe das Velorennen ausgel\u00f6st, dass er seine Gemeinde nun mehr liebe.<\/p>\n<p>Die Effekte sind nicht beliebig auf andere Sportanl\u00e4sse \u00fcbertragbar<\/p>\n<p class=\"nzzinteraction articlecomponent text-paper-950 dark:text-paper-50 darknzz:text-paper-50 dark:lightnzz:text-paper-950 font-serif text-lg font-normal leading-[1.56] md:text-xl md:leading-[1.6]\" id=\"id-doc-1j7equrin0\" componenttype=\"p\" data-team-paragraph=\"true\">Der Radsport ist seit je auch politisch gepr\u00e4gt; nicht erst seit den <a href=\"https:\/\/www.nzz.ch\/international\/gaza-proteste-bei-der-vuelta-warum-spanien-den-abbruch-gutheisst-ld.1902512\" target=\"_blank\" rel=\"noopener\">heftigen propal\u00e4stinensischen Protesten w\u00e4hrend der Vuelta<\/a>. \u00abL\u2019Auto\u00bb, die Zeitschrift, welche die Tour de France 1903 gr\u00fcndete, entstand aus Streitereien nach der <a href=\"https:\/\/www.nzz.ch\/feuilleton\/maurice-barres-vordenker-des-franzoesischen-nationalismus-ld.1768112\" target=\"_blank\" rel=\"noopener\">Dreyfus-Aff\u00e4re<\/a>, einem Justizskandal, der Frankreich Ende des 19.\u00a0Jahrhunderts in eine politische Krise st\u00fcrzte. Die Flandern-Rundfahrt war im fr\u00fchen 20.\u00a0Jahrhundert von der fl\u00e4mischen Nationalbewegung gepr\u00e4gt.<\/p>\n<p class=\"nzzinteraction articlecomponent text-paper-950 dark:text-paper-50 darknzz:text-paper-50 dark:lightnzz:text-paper-950 font-serif text-lg font-normal leading-[1.56] md:text-xl md:leading-[1.6]\" id=\"id-doc-1j7enmfuq0\" componenttype=\"p\" data-team-paragraph=\"true\">Ihr sei bewusst, dass die Tour de France die franz\u00f6sische Politlandschaft nicht auf den Kopf stellen werde, sagt Delouis-Jost. Die Tour ist der gr\u00f6sste Sportanlass der Welt, der jedes Jahr stattfindet. Wegen dieses Alleinstellungsmerkmals und der Symbolkraft glaubt die Soziologin auch nicht, dass sich die politischen Effekte der Tour beliebig auf andere Sportanl\u00e4sse \u00fcbertragen lassen. \u00abSie k\u00f6nnen zwar andernorts eintreten, wir wissen aber nicht, inwiefern sich unsere Erkenntnisse von der Tour de France verallgemeinern lassen\u00bb, sagt die Soziologin Delouis-Jost.<\/p>\n<p class=\"nzzinteraction articlecomponent text-paper-950 dark:text-paper-50 darknzz:text-paper-50 dark:lightnzz:text-paper-950 font-serif text-lg font-normal leading-[1.56] md:text-xl md:leading-[1.6]\" id=\"id-doc-1j7h520kh1\" componenttype=\"p\" data-vars-danzz-last-article-element=\"true\" data-team-paragraph=\"true\">Im kommenden Jahr startet die Tour in Barcelona, 2027 in Yorkshire, 2030 steht Ostdeutschland mit Dresden im Raum. Ob sich dort \u00e4hnliche Effekte einstellen?<\/p>\n","protected":false},"excerpt":{"rendered":"Vor allem in Randregionen f\u00fchrt die Tour de France zu einem sinkenden W\u00e4hleranteil rechtspopulistischer Parteien. Das liegt an&hellip;\n","protected":false},"author":2,"featured_media":502608,"comment_status":"","ping_status":"","sticky":false,"template":"","format":"standard","meta":{"footnotes":""},"categories":[3974],"tags":[331,332,548,663,3934,3980,156,13,14,15,12],"class_list":{"0":"post-502607","1":"post","2":"type-post","3":"status-publish","4":"format-standard","5":"has-post-thumbnail","7":"category-frankreich","8":"tag-aktuelle-nachrichten","9":"tag-aktuelle-news","10":"tag-eu","11":"tag-europa","12":"tag-europe","13":"tag-france","14":"tag-frankreich","15":"tag-headlines","16":"tag-nachrichten","17":"tag-news","18":"tag-schlagzeilen"},"share_on_mastodon":{"url":"https:\/\/pubeurope.com\/@de\/115382617666472049","error":""},"_links":{"self":[{"href":"https:\/\/www.europesays.com\/de\/wp-json\/wp\/v2\/posts\/502607","targetHints":{"allow":["GET"]}}],"collection":[{"href":"https:\/\/www.europesays.com\/de\/wp-json\/wp\/v2\/posts"}],"about":[{"href":"https:\/\/www.europesays.com\/de\/wp-json\/wp\/v2\/types\/post"}],"author":[{"embeddable":true,"href":"https:\/\/www.europesays.com\/de\/wp-json\/wp\/v2\/users\/2"}],"replies":[{"embeddable":true,"href":"https:\/\/www.europesays.com\/de\/wp-json\/wp\/v2\/comments?post=502607"}],"version-history":[{"count":0,"href":"https:\/\/www.europesays.com\/de\/wp-json\/wp\/v2\/posts\/502607\/revisions"}],"wp:featuredmedia":[{"embeddable":true,"href":"https:\/\/www.europesays.com\/de\/wp-json\/wp\/v2\/media\/502608"}],"wp:attachment":[{"href":"https:\/\/www.europesays.com\/de\/wp-json\/wp\/v2\/media?parent=502607"}],"wp:term":[{"taxonomy":"category","embeddable":true,"href":"https:\/\/www.europesays.com\/de\/wp-json\/wp\/v2\/categories?post=502607"},{"taxonomy":"post_tag","embeddable":true,"href":"https:\/\/www.europesays.com\/de\/wp-json\/wp\/v2\/tags?post=502607"}],"curies":[{"name":"wp","href":"https:\/\/api.w.org\/{rel}","templated":true}]}}