{"id":502609,"date":"2025-10-16T07:16:17","date_gmt":"2025-10-16T07:16:17","guid":{"rendered":"https:\/\/www.europesays.com\/de\/502609\/"},"modified":"2025-10-16T07:16:17","modified_gmt":"2025-10-16T07:16:17","slug":"fuer-ein-souveraenes-europa-politik-und-wirtschaft-im-zukunftsdialog-bei-schwarz","status":"publish","type":"post","link":"https:\/\/www.europesays.com\/de\/502609\/","title":{"rendered":"F\u00fcr ein souver\u00e4nes Europa: Politik und Wirtschaft im Zukunftsdialog bei Schwarz &#8230;"},"content":{"rendered":"<p class=\"date\">16.10.2025 \u2013 09:12<\/p>\n<p class=\"customer\">\n                        <a class=\"story-customer\" title=\"weiter zum newsroom von Schwarz Corporate Affairs GmbH &amp; Co. KG\" href=\"https:\/\/www.presseportal.ch\/de\/nr\/100069887\" rel=\"nofollow noopener\" target=\"_blank\">Schwarz Corporate Affairs GmbH &amp; Co. KG<\/a>\n                    <\/p>\n<p><a class=\"glightbox event-trigger\" href=\"https:\/\/cache.pressmailing.net\/thumbnail\/story_hires\/5e0e4987-eee5-44a2-8bae-9667ec3d9bd0\/Schwarz%20Gruppe_Polit~rz%20Impulse%202025.jpg.jpg\" data-description=\"Von links nach rechts: Dr. Christian Groh, Vorstandsvorsitzender&#010;Schwarz Corporate Solutions; Wolf Tiedemann, Vorstandsvorsitzender PreZero; Helene Banner, Moderation; Gerd Chrzanowski, Komplement\u00e4r Schwarz Gruppe; Sabine Verheyen, Erste Vizepr\u00e4sidentin des Europ\u00e4ischen Parlaments; G\u00fcnther H. Oettinger, ehemaliges Mitglied und Vizepr\u00e4sident der Europ\u00e4ischen Kommission sowie ehemaliger Ministerpr\u00e4sident von Baden-W\u00fcrttemberg; Pierre Bascou, stellvertretender Generaldirektor f\u00fcr Landwirtschaft und l\u00e4ndliche Entwicklung bei der Europ\u00e4ischen Kommission; Bodo Lehmann, Leiter der Landesvertretung Baden-W\u00fcrttemberg bei der Europ\u00e4ischen Union in Br\u00fcssel \/ Weiterer Text \u00fcber ots und www.presseportal.de\/nr\/129569 \/ Die Verwendung dieses Bildes f\u00fcr redaktionelle Zwecke ist unter Beachtung aller mitgeteilten Nutzungsbedingungen zul\u00e4ssig und dann auch honorarfrei. Ver\u00f6ffentlichung ausschlie\u00dflich mit Bildrechte-Hinweis.\" data-category=\"medialightbox\" data-action=\"click\" data-label=\"single\" data-value=\"68f09ac2270000fd2cb94068\" rel=\"nofollow noopener\" target=\"_blank\"><img decoding=\"async\" height=\"540\" with=\"720\" src=\"https:\/\/www.europesays.com\/de\/wp-content\/uploads\/2025\/10\/f-r-ein-souver-nes-europa-politik-und-wirtschaft-im-zukunftsdialog-bei-schwarz-impulse-2025.jpeg\"   alt=\"F\u00fcr ein souver\u00e4nes Europa: Politik und Wirtschaft im Zukunftsdialog bei Schwarz Impulse 2025\" class=\"single\"\/><\/a><\/p>\n<p><a data-category=\"citylink-story-view\" data-action=\"click\" data-label=\"Citylink in Meldungsansicht\" class=\"story-city event-trigger\" href=\"https:\/\/www.presseportal.ch\/de\/r\/Br%FCssel%252FNeckarsulm\" title=\"News aus Br\u00fcssel\/Neckarsulm \" rel=\"nofollow noopener\" target=\"_blank\">Br\u00fcssel\/Neckarsulm<\/a> (ots)<\/p>\n<ul class=\"naxml-ul\">\n<li><b>Unternehmen der Schwarz Gruppe laden Entscheider aus Politik und Wirtschaft zum Diskurs im politischen Br\u00fcssel<\/b><\/li>\n<li><b>Europ\u00e4ische Partnerschaften und Kooperationen als Antwort auf die Herausforderungen unserer Zeit<\/b><\/li>\n<li><b>Souver\u00e4ne L\u00f6sungen &#8222;Made in Europe&#8220; entlang der gesamten Wertsch\u00f6pfungskette<\/b><\/li>\n<\/ul>\n<p> Bei der Schwarz Impulse Veranstaltung 2025 am 15. Oktober brachten die Unternehmen der Schwarz Gruppe bereits zum vierten Mal Entscheider aus der europ\u00e4ischen Politik und Wirtschaft zusammen, um die dr\u00e4ngenden Themen unserer Zeit zu diskutieren. Unter dem Leitsatz &#8222;The power of sovereignty&#8220; stand die Souver\u00e4nit\u00e4t Europas als zentrales Thema im Mittelpunkt der Veranstaltung. Die Botschaft dabei: In Zeiten geopolitischer Unsicherheiten und wachsender Abh\u00e4ngigkeiten bedeutet Souver\u00e4nit\u00e4t mehr als wirtschaftliche Selbstbestimmung &#8211; sie ist die F\u00e4higkeit Europas, die Zukunft mit einer klaren Vision und notwendigen Entscheidungen aktiv mitzugestalten. <\/p>\n<p> &#8222;Ein souver\u00e4nes, starkes Europa braucht Mut und Entschlossenheit. Als gr\u00f6\u00dfte Handelsgruppe Europas haben wir allein in den vergangenen zehn Jahren \u00fcber 80 Milliarden Euro in diesen Wirtschaftsraum investiert und beweisen tagt\u00e4glich: Europ\u00e4ische L\u00f6sungen sind erfolgreich. Wo andere Risiken sehen, erkennen wir Chancen und handeln voraus&#8220;, betonte Gerd Chrzanowski, Komplement\u00e4r Schwarz Gruppe. &#8222;Jetzt ist nicht die Zeit f\u00fcr Alleing\u00e4nge &#8211; es braucht Partnerschaften und Kooperationen auf Augenh\u00f6he, um die Zukunft und Rolle Europas in der globalen Transformation neu zu gestalten. Dabei geht es nicht um die Konfrontation mit globalen Gro\u00dfm\u00e4chten, sondern darum, Europas eigene St\u00e4rken zu entfalten und als gleichberechtigter Partner auf der Weltb\u00fchne zu agieren.&#8220; <\/p>\n<p> Ekaterina Zaharieva, Kommissarin f\u00fcr Startups, Forschung und Innovation bei der Europ\u00e4ischen Kommission, hob in ihrer Rede hervor: &#8222;In einer Welt wachsender geopolitischer Spannungen ist die digitale Souver\u00e4nit\u00e4t Europas das Fundament unserer Sicherheit, unseres Wohlstands und unserer Wettbewerbsf\u00e4higkeit. Wir m\u00fcssen die Kontrolle \u00fcber unsere kritischsten digitalen Ressourcen &#8211; Daten, Infrastruktur und Schl\u00fcsseltechnologien &#8211; in europ\u00e4ischer Hand behalten. Das ist der Kompass, der unsere \u00f6ffentlichen und privaten Investitionen leiten muss.&#8220; <\/p>\n<p> Neben Kommissarin Zaharieva waren unter den Sprechern Sabine Verheyen, Erste Vizepr\u00e4sidentin des Europ\u00e4ischen Parlaments, Pierre Bascou, stellvertretender Generaldirektor f\u00fcr Landwirtschaft und l\u00e4ndliche Entwicklung bei der Europ\u00e4ischen Kommission, und G\u00fcnther H. Oettinger, ehemaliges Mitglied und Vizepr\u00e4sident der Europ\u00e4ischen Kommission sowie ehemaliger Ministerpr\u00e4sident von Baden-W\u00fcrttemberg. <\/p>\n<p><b>&#8222;Made in Europe&#8220; &#8211; gemeinsam Europas Zukunft sichern<\/b><\/p>\n<p> Als gr\u00f6\u00dfte Handelsgruppe Europas haben die Unternehmen der Schwarz Gruppe eine klare Kernkompetenz: die Versorgung von Millionen Menschen. Daf\u00fcr setzen sie auf strategische Handlungsfreiheit entlang ihres gesamten Wertsch\u00f6pfungskreises und entwickeln systematisch eigene L\u00f6sungen, um in unsicheren Zeiten reaktionsf\u00e4hig zu bleiben. Dieser Ansatz wurde auf der Schwarz Impulse Veranstaltung 2025 anhand von vier Dimensionen erlebbar gemacht: <\/p>\n<ul class=\"naxml-ul\">\n<li> Lieferkettenresilienz &#8211; Planungssicherheit der Transportwege: Durch gesicherte globale Wertsch\u00f6pfungsketten, Innovation und Automatisierung erm\u00f6glichen die Unternehmen der Schwarz Gruppe eine belastbare und zuverl\u00e4ssige Versorgung Europas. Dabei setzen sie mit eigenen Produktionsst\u00e4tten auf einen hohen Selbstversorgungsgrad und st\u00e4rken mit Containerfrachtschiffen und LKW-Flotten europ\u00e4ische Handelsrouten. <\/li>\n<li> Ern\u00e4hrungssouver\u00e4nit\u00e4t &#8211; vom Acker in den Einkaufskorb: Als einer der f\u00fchrenden Hersteller des Kontinents gew\u00e4hrleistet die Schwarz Produktion die sichere Verf\u00fcgbarkeit und hohe Qualit\u00e4t von Lebensmitteln und Getr\u00e4nken in Europa. Mit den Handelssparten Lidl und Kaufland tragen die Unternehmen der Schwarz Gruppe zudem zu einer widerstandsf\u00e4higen und fortschrittlichen Lebensmittelindustrie bei, indem sie regionale Erzeuger st\u00e4rken und ein nachhaltiges und gesundes Lebensmittelangebot f\u00f6rdern. <\/li>\n<li> Digitale Souver\u00e4nit\u00e4t &#8211; KI &amp; Cloud made in Europe: Um die digitale Souver\u00e4nit\u00e4t Europas zu sichern, schaffen die Unternehmen der Schwarz Gruppe entschlossen Innovationen. Die Schwarz Digits vereint f\u00fcnf Kernbereiche unter einem Dach: Cloud-Infrastruktur, Cybersicherheit, K\u00fcnstliche Intelligenz und Data, sichere Kommunikation und L\u00f6sungen f\u00fcr digitale Arbeitspl\u00e4tze. <\/li>\n<li> Kreislaufwirtschaft &#8211; Ressourcen im Kreislauf halten, statt verlieren: Die Unternehmen der Schwarz Gruppe treiben die europ\u00e4ische Ressourcensouver\u00e4nit\u00e4t systematisch voran &#8211; von der kreislauff\u00e4higen Produktgestaltung bis zur R\u00fcckf\u00fchrung von Wertstoffen in lokale Kreisl\u00e4ufe. Gemeinsam mit ihrer Umweltsparte PreZero tragen sie zur Sicherung wertvoller Ressourcen bei und unterst\u00fctzen eine zuverl\u00e4ssige, unabh\u00e4ngige Rohstoffversorgung f\u00fcr Europa. <\/li>\n<\/ul>\n<p><b>Weitere Informationen<\/b><\/p>\n<p> Weitere Informationen finden Sie unter  <a target=\"_blank\" class=\"uri-ext outbound\" rel=\"noopener nofollow\" href=\"http:\/\/www.gruppe.schwarz\">www.gruppe.schwarz<\/a>. <\/p>\n<p><b>\u00dcber die Schwarz Gruppe<\/b><\/p>\n<p> Die Schwarz Gruppe ist eine international f\u00fchrende Handelsgruppe mit rund 14.200 Filialen und rund 595.000 Mitarbeitern. Im Gesch\u00e4ftsjahr 2024 erwirtschafteten die Unternehmen der Schwarz Gruppe einen Gesamtumsatz von 175,4 Milliarden Euro. Mit ihrem einzigartigen \u00d6kosystem decken sie den gesamten Wertsch\u00f6pfungskreis ab: von der Produktion \u00fcber den Handel bis hin zu Recycling und Digitalisierung. Sie schaffen L\u00f6sungen, die das Leben heute und in Zukunft nachhaltiger, ges\u00fcnder und sicherer machen &#8211; sie handeln voraus. <\/p>\n<p> Lidl und Kaufland bilden die S\u00e4ulen im Lebensmitteleinzelhandel und sind ein fester Bestandteil im Alltag von Kunden in 32 L\u00e4ndern. Viele Eigenmarkenprodukte und nachhaltige Verpackungen kommen direkt von der Schwarz Produktion. Der Umweltdienstleister PreZero f\u00f6rdert mit seinem Wertstoffmanagement eine funktionierende Kreislaufwirtschaft und investiert so in eine saubere Zukunft. Schwarz Digits bietet als IT- und Digitalsparte \u00fcberzeugende digitale Produkte und Services an, die den hohen deutschen Datenschutzstandards entsprechen und garantiert so gr\u00f6\u00dftm\u00f6gliche digitale Souver\u00e4nit\u00e4t. Als partnerschaftliche Dienstleister unterst\u00fctzen Schwarz Corporate Solutions die Unternehmen der Schwarz Gruppe bei allen Themen \u00fcber Verwaltung, Personal bis hin zu operativen T\u00e4tigkeiten. <\/p>\n<p class=\"contact-headline\">Pressekontakt:<\/p>\n<p class=\"contact-text\">Schwarz Corporate Affairs GmbH &amp; Co. KG<br \/>Telefon 07132 30-788600<br \/><a href=\"https:\/\/www.presseportal.ch\/de\/pm\/100069887\/mailto: presse@mail.schwarz\" class=\"uri-mailto\" rel=\"nofollow noopener\" target=\"_blank\"> presse@mail.schwarz<\/a><\/p>\n","protected":false},"excerpt":{"rendered":"16.10.2025 \u2013 09:12 Schwarz Corporate Affairs GmbH &amp; Co. KG Br\u00fcssel\/Neckarsulm (ots) Unternehmen der Schwarz Gruppe laden Entscheider&hellip;\n","protected":false},"author":2,"featured_media":502610,"comment_status":"","ping_status":"","sticky":false,"template":"","format":"standard","meta":{"footnotes":""},"categories":[3933],"tags":[331,332,125699,548,663,158,3934,3935,6801,13,702,41894,41895,14,15,178,12,3699],"class_list":{"0":"post-502609","1":"post","2":"type-post","3":"status-publish","4":"format-standard","5":"has-post-thumbnail","7":"category-eu","8":"tag-aktuelle-nachrichten","9":"tag-aktuelle-news","10":"tag-detailhandel","11":"tag-eu","12":"tag-europa","13":"tag-europaeische-union","14":"tag-europe","15":"tag-european-union","16":"tag-governance","17":"tag-headlines","18":"tag-lebensmittel","19":"tag-medienmitteilung","20":"tag-medienmitteilungen","21":"tag-nachrichten","22":"tag-news","23":"tag-presse","24":"tag-schlagzeilen","25":"tag-veranstaltung"},"share_on_mastodon":{"url":"https:\/\/pubeurope.com\/@de\/115382622238560784","error":""},"_links":{"self":[{"href":"https:\/\/www.europesays.com\/de\/wp-json\/wp\/v2\/posts\/502609","targetHints":{"allow":["GET"]}}],"collection":[{"href":"https:\/\/www.europesays.com\/de\/wp-json\/wp\/v2\/posts"}],"about":[{"href":"https:\/\/www.europesays.com\/de\/wp-json\/wp\/v2\/types\/post"}],"author":[{"embeddable":true,"href":"https:\/\/www.europesays.com\/de\/wp-json\/wp\/v2\/users\/2"}],"replies":[{"embeddable":true,"href":"https:\/\/www.europesays.com\/de\/wp-json\/wp\/v2\/comments?post=502609"}],"version-history":[{"count":0,"href":"https:\/\/www.europesays.com\/de\/wp-json\/wp\/v2\/posts\/502609\/revisions"}],"wp:featuredmedia":[{"embeddable":true,"href":"https:\/\/www.europesays.com\/de\/wp-json\/wp\/v2\/media\/502610"}],"wp:attachment":[{"href":"https:\/\/www.europesays.com\/de\/wp-json\/wp\/v2\/media?parent=502609"}],"wp:term":[{"taxonomy":"category","embeddable":true,"href":"https:\/\/www.europesays.com\/de\/wp-json\/wp\/v2\/categories?post=502609"},{"taxonomy":"post_tag","embeddable":true,"href":"https:\/\/www.europesays.com\/de\/wp-json\/wp\/v2\/tags?post=502609"}],"curies":[{"name":"wp","href":"https:\/\/api.w.org\/{rel}","templated":true}]}}