{"id":502614,"date":"2025-10-16T07:19:15","date_gmt":"2025-10-16T07:19:15","guid":{"rendered":"https:\/\/www.europesays.com\/de\/502614\/"},"modified":"2025-10-16T07:19:15","modified_gmt":"2025-10-16T07:19:15","slug":"covid-faelle-haben-sich-innerhalb-einer-woche-fast-verdoppelt","status":"publish","type":"post","link":"https:\/\/www.europesays.com\/de\/502614\/","title":{"rendered":"Covid-F\u00e4lle haben sich innerhalb einer Woche fast verdoppelt"},"content":{"rendered":"<p class=\"tspBHk0 tspBHk1\">Die Zahl der <a href=\"https:\/\/www.tagesspiegel.de\/wissen\/handewaschen-warum-handewaschen-hilft--aber-nicht-uberall-moglich-ist-14555453.html?icid=in-text-link_14577890\" class=\"link link--internal\" data-gtm-class=\"article-text-link\" data-gtm-val=\"internal\" target=\"_blank\" rel=\"noopener\">Corona-Infektionen<\/a> ist deutlich gestiegen. In der Woche vom 6. bis zum 12. Oktober wurden bislang rund 6.440 labordiagnostisch best\u00e4tigte Covid-19-F\u00e4lle an das Robert Koch-Institut (RKI) \u00fcbermittelt, wie es in einem aktuellen RKI-Bericht zu akuten Atemwegsinfektionen hei\u00dft. In der Woche zuvor waren es rund 3.850 gemeldete F\u00e4lle gewesen.<\/p>\n<p class=\"tspBHk0\">Die gesch\u00e4tzte Covid-19-Inzidenz liegt laut Bericht bei rund 600 Corona-Erkrankungen pro 100.000 Einwohnern \u2013 in der Vorwoche waren es etwa 400. Durch die Herbstferien k\u00f6nnen die Zahlen aus dem aktuellen Bericht st\u00e4rker schwanken und sich nachtr\u00e4glich noch ver\u00e4ndern, wie das RKI informiert.<\/p>\n<p> Corona-Zahlen niedriger als im Vorjahreszeitraum <\/p>\n<p class=\"tspBHk0\">Mit einem Anteil von 71 Prozent ist die Linie XFG, auch Stratus genannt, laut einer Auswertung von Ende September in Deutschland momentan am weitesten verbreitet. Stratus ist eine Linie der Omikron-Variante. Deren Viren vermehren sich vor allem in den oberen Atemwegen und k\u00f6nnen sich dadurch schneller verbreiten. Experten gehen von keinem erh\u00f6hten Risiko durch XFG f\u00fcr die \u00f6ffentliche Gesundheit aus.<\/p>\n<p class=\"tspBHk0\"><strong>Trotz des Anstieges ist die Corona-Aktivit\u00e4t immer noch niedriger als im Vorjahr um diese Zeit. <\/strong>Mitte Oktober 2024 waren es rund 11.570 F\u00e4lle \u2013 fast doppelt so viele jetzt. Auch das ist noch kein Vergleich zur Lage w\u00e4hrend der Pandemie. Mitte Oktober 2020 zum Beispiel wurden allein innerhalb eines Tages mehr als 7.000 Neuinfektionen gemeldet. Ende Oktober desselben Jahres waren es an einem Tag sogar \u00fcber 19.000.<\/p>\n<p> 6,5 Millionen akute Atemwegserkrankungen <\/p>\n<p class=\"tspBHk0\"><strong>Mit Blick auf alle akuten Atemwegserkrankungen spricht das RKI im aktuellen Bericht von einer Aktivit\u00e4t auf moderatem Niveau. <\/strong>Im Vergleich zur Vorwoche sei sie insgesamt gesunken. Gemessen an freiwilligen Meldungen aus der Bev\u00f6lkerung geht das RKI von rund 7.800 Erkrankungen pro 100.000 Einwohner aus (Vorwoche: 9.000 pro 100.000). Das entspricht einer Gesamtzahl von rund <strong>6,5 Millionen<\/strong> akuten Atemwegserkrankungen, unabh\u00e4ngig von einem Arztbesuch. Zum Vergleich: Mitte Oktober 2024 waren es rund <strong>7,4 Millionen.<\/strong><\/p>\n<p class=\"tspBHk0\">Unterwegs sind zurzeit vor allem <strong>Rhinoviren<\/strong>, die eine Erk\u00e4ltung ausl\u00f6sen k\u00f6nnen, sowie <strong>Corona- und Parainfluenzaviren<\/strong>, die insbesondere Kleinkinder infizieren. Die Zahl der schweren F\u00e4lle befindet sich auf einem vergleichsweise niedrigen Niveau.<\/p>\n<p> Mehr zum Thema <a href=\"https:\/\/www.tagesspiegel.de\/wirtschaft\/wie-stehen-moderna-und-biontech-da-was-unterscheidet-sie-was-verbindet-sie-14558918.html?icid=topic-list_14577890___\" data-gtm-class=\"article-mzt-link\" class=\"tspBRlv\" target=\"_blank\" rel=\"noopener\">Modernas Zweikampf mit Biontech \u201e18 Milliarden \u2013 das Geld auf der Bank zu parken? Keine Option\u201c <\/a><a href=\"https:\/\/www.tagesspiegel.de\/berlin\/neue-erreger-volle-praxen-diese-viren-gehen-in-berlin-um--und-so-schutzen-sie-sich-davor-14527325.html?icid=topic-list_14577890___\" data-gtm-class=\"article-mzt-link\" class=\"tspBRlv\" target=\"_blank\" rel=\"noopener\">Neue Erreger, volle Praxen Diese Viren gehen in Berlin um \u2013 und so sch\u00fctzen Sie sich davor <\/a><a href=\"https:\/\/www.tagesspiegel.de\/potsdam\/landeshauptstadt\/start-der-grippeimpfung-in-brandenburg-viele-wissen-nicht-wie-impfungen-wirken-14495633.html?icid=topic-list_14577890___\" data-gtm-class=\"article-mzt-link\" class=\"tspBRlv\" target=\"_blank\" rel=\"noopener\">Start der Grippeimpfung in Brandenburg \u201eViele wissen nicht, wie Impfungen wirken\u201c <\/a><\/p>\n<p class=\"tspBHk0\">Grippe spielt momentan noch keine gr\u00f6\u00dfere Rolle: F\u00fcr die Woche vom 6. Oktober wurden rund 400 labordiagnostisch best\u00e4tigte F\u00e4lle an das RKI \u00fcbermittelt.\u00a0<\/p>\n<p class=\"tspBHk0\">Die j\u00e4hrliche Grippewelle hat in den vergangenen Jahren meist im Januar begonnen und drei bis vier Monate gedauert. Als Grippewelle wird der Zeitraum erh\u00f6hter Aktivit\u00e4t von Influenza A- und B-Viren bezeichnet. (dpa)<\/p>\n","protected":false},"excerpt":{"rendered":"Die Zahl der Corona-Infektionen ist deutlich gestiegen. In der Woche vom 6. bis zum 12. Oktober wurden bislang&hellip;\n","protected":false},"author":2,"featured_media":502615,"comment_status":"","ping_status":"","sticky":false,"template":"","format":"standard","meta":{"footnotes":""},"categories":[5],"tags":[331,332,162,3364,29,30,13,14,15,76422,12],"class_list":{"0":"post-502614","1":"post","2":"type-post","3":"status-publish","4":"format-standard","5":"has-post-thumbnail","7":"category-nachrichten","8":"tag-aktuelle-nachrichten","9":"tag-aktuelle-news","10":"tag-coronavirus","11":"tag-de","12":"tag-deutschland","13":"tag-germany","14":"tag-headlines","15":"tag-nachrichten","16":"tag-news","17":"tag-robert-koch-institut-rki","18":"tag-schlagzeilen"},"share_on_mastodon":{"url":"https:\/\/pubeurope.com\/@de\/115382633405345267","error":""},"_links":{"self":[{"href":"https:\/\/www.europesays.com\/de\/wp-json\/wp\/v2\/posts\/502614","targetHints":{"allow":["GET"]}}],"collection":[{"href":"https:\/\/www.europesays.com\/de\/wp-json\/wp\/v2\/posts"}],"about":[{"href":"https:\/\/www.europesays.com\/de\/wp-json\/wp\/v2\/types\/post"}],"author":[{"embeddable":true,"href":"https:\/\/www.europesays.com\/de\/wp-json\/wp\/v2\/users\/2"}],"replies":[{"embeddable":true,"href":"https:\/\/www.europesays.com\/de\/wp-json\/wp\/v2\/comments?post=502614"}],"version-history":[{"count":0,"href":"https:\/\/www.europesays.com\/de\/wp-json\/wp\/v2\/posts\/502614\/revisions"}],"wp:featuredmedia":[{"embeddable":true,"href":"https:\/\/www.europesays.com\/de\/wp-json\/wp\/v2\/media\/502615"}],"wp:attachment":[{"href":"https:\/\/www.europesays.com\/de\/wp-json\/wp\/v2\/media?parent=502614"}],"wp:term":[{"taxonomy":"category","embeddable":true,"href":"https:\/\/www.europesays.com\/de\/wp-json\/wp\/v2\/categories?post=502614"},{"taxonomy":"post_tag","embeddable":true,"href":"https:\/\/www.europesays.com\/de\/wp-json\/wp\/v2\/tags?post=502614"}],"curies":[{"name":"wp","href":"https:\/\/api.w.org\/{rel}","templated":true}]}}