{"id":502627,"date":"2025-10-16T07:28:19","date_gmt":"2025-10-16T07:28:19","guid":{"rendered":"https:\/\/www.europesays.com\/de\/502627\/"},"modified":"2025-10-16T07:28:19","modified_gmt":"2025-10-16T07:28:19","slug":"sonne-und-wolken-am-wochenende","status":"publish","type":"post","link":"https:\/\/www.europesays.com\/de\/502627\/","title":{"rendered":"Sonne und Wolken am Wochenende"},"content":{"rendered":"<p>Wetter in Hannover <\/p>\n<p>Erst Schauer und Wolken \u2013 doch am Wochenende wird es besser<\/p>\n<p>16.10.2025 &#8211; 08:10 UhrLesedauer: 1 Min.<\/p>\n<p><a href=\"#focus-0\" class=\"transition-colors duration-200 block text-current relative\" data-sctrack=\"FocusGalleryImage.Reference\"><img fetchpriority=\"high\" data-testid=\"Opener.Image\" style=\"--lqipURL:url('https:\/\/images.t-online.de\/2025\/10\/rt7QeVW9m9ET\/13x0:2021x1137\/fit-in\/150x0\/filters:blur(25)\/in-der-nacht-zu-samstag-ist-auch-bodenfrost-moeglich-archivfoto.jpg')\"   loading=\"eager\" src=\"https:\/\/www.europesays.com\/de\/wp-content\/uploads\/2025\/10\/in-der-nacht-zu-samstag-ist-auch-bodenfrost-moeglich-archivfoto.jpg\" alt=\"Herbst in Hannover\" title=\"Herbst in Hannover\" width=\"2021\" height=\"1137\" class=\"bg-[url:var(--lqipURL)] bg-cover bg-center flex h-full w-full max-w-full\" decoding=\"async\"\/><img style=\"--width:32;--height:32\" loading=\"lazy\" src=\"https:\/\/www.t-online.de\/s\/paper\/_next\/static\/media\/zoom-in.f7dae02f.svg\" alt=\"Vergr\u00f6\u00dfern des Bildes\" title=\"Vergr\u00f6\u00dfern des Bildes\" class=\"block h-[calc(var(--height)_\/_16_*_1rem)] w-[calc(var(--width)_\/_16_*_1rem)] max-w-none absolute bottom-8 right-8 rounded-4 bg-snow p-8\" decoding=\"async\"\/><\/a><\/p>\n<p>Farbige Herbstbl\u00e4tter liegen am Boden (Archivbild): In der Nacht zu Samstag ist auch Bodenfrost m\u00f6glich. (Quelle: Julian Stratenschulte\/dpa\/dpa-bilder)<\/p>\n<p class=\"font-bold text-18 leading-17\">Der Deutsche Wetterdienst prognostiziert f\u00fcr Niedersachsen milde Herbsttemperaturen. Am Wochenende wird das Wetter \u00fcberwiegend freundlich.<\/p>\n<p class=\"text-18 leading-17\">Der Deutsche Wetterdienst (DWD) hat f\u00fcr Niedersachsen einen milden Herbst mit wechselhaftem <a class=\"transition-colors duration-200 cursor-pointer text-inherit no-underline text-salemsfur md:hover:text-magenta md:hover:border-magenta md:focus:text-magenta border-current border-b border-solid break-words\" href=\"https:\/\/www.t-online.de\/wetter\" data-sctrack=\"BodyAnchor\" target=\"_blank\" rel=\"noopener\">Wetter<\/a> angek\u00fcndigt. Die Temperaturen erreichen am Donnerstag H\u00f6chstwerte zwischen 14 und 16 Grad.<\/p>\n<p class=\"text-18 leading-17\">Der Himmel zeigt sich \u00fcberwiegend wolkig, vereinzelt f\u00e4llt Regen. An der K\u00fcste weht der Wind frisch, im Binnenland bleibt er schwach.<\/p>\n<p class=\"text-18 leading-17\">In der Nacht zum Freitag sinken die Temperaturen auf den Inseln auf etwa 12 Grad. Im Binnenland werden rund 8 Grad erwartet, im Bergland \u00f6rtlich bis 5 Grad. Der Himmel bleibt stark bew\u00f6lkt mit zeitweise leichtem Regen.<\/p>\n<p class=\"text-18 leading-17\">Der Freitag bringt weiterhin \u00fcberwiegend bew\u00f6lktes Wetter und m\u00f6gliche Schauer. Die Temperaturen liegen zwischen 12 und 14 Grad. Im Norden kann es zeitweise auflockern.<\/p>\n<p class=\"text-18 leading-17\">F\u00fcr die Nacht zum Samstag sagt der DWD zunehmend aufgelockerte Bew\u00f6lkung voraus. Die Tiefstwerte erreichen auf den Inseln rund 8 Grad, an der K\u00fcste etwa 4 Grad und im Binnenland bis zu 2 Grad. Leichter Bodenfrost ist m\u00f6glich.<\/p>\n<p class=\"text-18 leading-17\">Das Wochenende pr\u00e4sentiert sich freundlicher. Am Samstag erwartet die Region einen Wechsel aus Sonne und Wolken bei Temperaturen von 10 bis 12 Grad. Im Oberharz werden etwa 9 Grad erreicht.<\/p>\n<p class=\"text-18 leading-17\">Die Nacht zum Sonntag bleibt \u00fcberwiegend bew\u00f6lkt. Die Temperaturen fallen auf den Inseln auf rund 7 Grad, in <a class=\"transition-colors duration-200 cursor-pointer text-inherit no-underline text-salemsfur md:hover:text-magenta md:hover:border-magenta md:focus:text-magenta border-current border-b border-solid break-words\" href=\"https:\/\/www.t-online.de\/themen\/ostfriesland\/\" data-sctrack=\"BodyAnchor\" target=\"_blank\" rel=\"noopener\">Ostfriesland<\/a> auf etwa 3 Grad und im Wendland bis auf minus 2 Grad. Am Sonntag wechseln sich Sonne und dichte Wolken ab. Es bleibt trocken bei H\u00f6chstwerten zwischen 10 und 12 Grad. Der Wind weht schwach, auf den Inseln m\u00e4\u00dfig bis frisch.<\/p>\n","protected":false},"excerpt":{"rendered":"Wetter in Hannover Erst Schauer und Wolken \u2013 doch am Wochenende wird es besser 16.10.2025 &#8211; 08:10 UhrLesedauer:&hellip;\n","protected":false},"author":2,"featured_media":502628,"comment_status":"","ping_status":"","sticky":false,"template":"","format":"standard","meta":{"footnotes":""},"categories":[1836],"tags":[722,17161,33154,3364,29,4906,30,46,125701,125700,1411],"class_list":{"0":"post-502627","1":"post","2":"type-post","3":"status-publish","4":"format-standard","5":"has-post-thumbnail","7":"category-hannover","8":"tag-722","9":"tag-17161","10":"tag-bodenfrost","11":"tag-de","12":"tag-deutschland","13":"tag-dwd","14":"tag-germany","15":"tag-hannover","16":"tag-herbstblatt","17":"tag-herbsttemperatur","18":"tag-niedersachsen"},"share_on_mastodon":{"url":"https:\/\/pubeurope.com\/@de\/115382668908895993","error":""},"_links":{"self":[{"href":"https:\/\/www.europesays.com\/de\/wp-json\/wp\/v2\/posts\/502627","targetHints":{"allow":["GET"]}}],"collection":[{"href":"https:\/\/www.europesays.com\/de\/wp-json\/wp\/v2\/posts"}],"about":[{"href":"https:\/\/www.europesays.com\/de\/wp-json\/wp\/v2\/types\/post"}],"author":[{"embeddable":true,"href":"https:\/\/www.europesays.com\/de\/wp-json\/wp\/v2\/users\/2"}],"replies":[{"embeddable":true,"href":"https:\/\/www.europesays.com\/de\/wp-json\/wp\/v2\/comments?post=502627"}],"version-history":[{"count":0,"href":"https:\/\/www.europesays.com\/de\/wp-json\/wp\/v2\/posts\/502627\/revisions"}],"wp:featuredmedia":[{"embeddable":true,"href":"https:\/\/www.europesays.com\/de\/wp-json\/wp\/v2\/media\/502628"}],"wp:attachment":[{"href":"https:\/\/www.europesays.com\/de\/wp-json\/wp\/v2\/media?parent=502627"}],"wp:term":[{"taxonomy":"category","embeddable":true,"href":"https:\/\/www.europesays.com\/de\/wp-json\/wp\/v2\/categories?post=502627"},{"taxonomy":"post_tag","embeddable":true,"href":"https:\/\/www.europesays.com\/de\/wp-json\/wp\/v2\/tags?post=502627"}],"curies":[{"name":"wp","href":"https:\/\/api.w.org\/{rel}","templated":true}]}}