{"id":502651,"date":"2025-10-16T07:40:15","date_gmt":"2025-10-16T07:40:15","guid":{"rendered":"https:\/\/www.europesays.com\/de\/502651\/"},"modified":"2025-10-16T07:40:15","modified_gmt":"2025-10-16T07:40:15","slug":"wheel-of-vision-fruehstueck-preise-oeffnungszeiten","status":"publish","type":"post","link":"https:\/\/www.europesays.com\/de\/502651\/","title":{"rendered":"Wheel of Vision \u2013 Fr\u00fchst\u00fcck, Preise, \u00d6ffnungszeiten"},"content":{"rendered":"<p>Ab Freitag, 17. Oktober <\/p>\n<p>Riesenrad dreht sich wieder: Das m\u00fcssen Sie wissen<\/p>\n<p>Aktualisiert am 16.10.2025 &#8211; 09:03 UhrLesedauer: 2 Min.<\/p>\n<p><a href=\"#focus-0\" class=\"transition-colors duration-200 block text-current relative\" data-sctrack=\"FocusGalleryImage.Reference\"><img fetchpriority=\"high\" data-testid=\"Opener.Image\" style=\"--lqipURL:url('https:\/\/images.t-online.de\/2022\/11\/2RPDaIy0gTHt\/14x0:3973x2235\/fit-in\/150x0\/filters:blur(25)\/luftbild-wheel-of-vision-riesenrad-am-burgplatz-zur-weihnachtssaison-in-der-altstadt-in-duesseldorf-rheinland-nordrhein-westfalen-deutschland-achtungxmindesthonorarx60xeuro-aerial-view-wheel-of-vision-ferris-wheel-at-the-burgplatz-for-the-christmas-season-in-the-old-town-in-duesseldorf-rhineland-north-rhine-westphalia-germany-attentionxmindesthonorarx60xeuro.jpg')\"   loading=\"eager\" src=\"https:\/\/www.europesays.com\/de\/wp-content\/uploads\/2025\/10\/luftbild-wheel-of-vision-riesenrad-am-burgplatz-zur-weihnachtssaison-in-der-altstadt-in-duesseldorf-.jpeg\" alt=\"imago images 146159805\" title=\"imago images 146159805\" width=\"3973\" height=\"2235\" class=\"bg-[url:var(--lqipURL)] bg-cover bg-center flex h-full w-full max-w-full\" decoding=\"async\"\/><img style=\"--width:32;--height:32\" loading=\"lazy\" src=\"https:\/\/www.t-online.de\/s\/paper\/_next\/static\/media\/zoom-in.f7dae02f.svg\" alt=\"Vergr\u00f6\u00dfern des Bildes\" title=\"Vergr\u00f6\u00dfern des Bildes\" class=\"block h-[calc(var(--height)_\/_16_*_1rem)] w-[calc(var(--width)_\/_16_*_1rem)] max-w-none absolute bottom-8 right-8 rounded-4 bg-snow p-8\" decoding=\"async\"\/><\/a><\/p>\n<p>&#8222;Wheel of Vision&#8220; am Burgplatz (Archivbild): Es dreht sich wieder bis zum 4. Januar. (Quelle: Hans Blossey via www.imago-images.de)<\/p>\n<p class=\"font-bold text-18 leading-17\">Ab dem 17. Oktober dreht sich auf dem Burgplatz wieder das beliebte &#8222;Wheel of Vision&#8220;. Das 55 Meter hohe Riesenrad bietet einen tollen Blick \u00fcber D\u00fcsseldorf und den Rhein.<\/p>\n<p class=\"text-18 leading-17\">Es ist wieder da und sticht auf der D\u00fcsseldorfer Rheinpromenade wegen seiner H\u00f6he von 55 Metern sofort ins Auge: Auf dem Burgplatz steht ab Freitag wieder das Riesenrad von Schausteller Oscar Bruch. Der Aufbau l\u00e4uft bereits seit einigen Tagen, ab Freitag wird sich das &#8222;Wheel of Vision&#8220; f\u00fcr die Fahrg\u00e4ste auch drehen.<\/p>\n<p class=\"text-18 leading-17\">Der Fahrpreis betr\u00e4gt wie im vergangenen Jahr pro Person neun Euro, Kinder unter einer Gr\u00f6\u00dfe von 1,40 Meter bezahlen sechs Euro. Kinder bis einschlie\u00dflich drei Jahre fahren kostenfrei mit. Tickets sind entweder an der Tageskasse erh\u00e4ltlich oder k\u00f6nnen vorab online <a rel=\"nofollow noopener\" target=\"_blank\" class=\"transition-colors duration-200 cursor-pointer text-inherit no-underline text-salemsfur md:hover:text-magenta md:hover:border-magenta md:focus:text-magenta border-current border-b border-solid break-words\" href=\"https:\/\/duesseldorf-riesenrad.ticket.io\/pzfpfvt0\/\" data-sctrack=\"BodyAnchor\">hier<\/a> gebucht werden. Es werden auch wieder Exklusivfahrten wie etwa das &#8222;Fr\u00fchst\u00fcck \u00fcber dem Rhein&#8220; angeboten. Alle Infos zu den Exklusivfahrten und Preisen finden Sie <a rel=\"nofollow noopener\" target=\"_blank\" class=\"transition-colors duration-200 cursor-pointer text-inherit no-underline text-salemsfur md:hover:text-magenta md:hover:border-magenta md:focus:text-magenta border-current border-b border-solid break-words\" href=\"https:\/\/www.duesseldorf.riesenrad.info\/exklusivfahrten\/\" data-sctrack=\"BodyAnchor\">hier<\/a>.<\/p>\n<p class=\"text-18 leading-17\">Das Riesenrad dreht sich in der Zeit vom 17. Oktober bis 26. Dezember immer sonntags bis donnerstags von 11 bis 21 Uhr und freitags und samstags von 11 bis 22 Uhr. Nach <a class=\"transition-colors duration-200 cursor-pointer text-inherit no-underline text-salemsfur md:hover:text-magenta md:hover:border-magenta md:focus:text-magenta border-current border-b border-solid break-words\" href=\"https:\/\/www.t-online.de\/themen\/weihnachten\/\" data-sctrack=\"BodyAnchor\" target=\"_blank\" rel=\"noopener\">Weihnachten<\/a> vom 27. Dezember bis zum Schlusstag 4. Januar sind die \u00d6ffnungszeiten sonntags bis donnerstags von 11 bis 20 Uhr und freitags und samstags von 11 bis 21 Uhr (\u00c4nderungen vorbehalten).<\/p>\n<p class=\"text-18 leading-17\">Es gibt bei den \u00d6ffnungszeiten aber Ausnahmen:<\/p>\n<p class=\"text-18 leading-17\">Die Fahrzeit mit dem &#8222;Wheel of Vision&#8220; betr\u00e4gt nach Angaben des Schaustellers zwischen zehn und zw\u00f6lf Minuten, was etwa drei vollen Umdrehungen entspricht. Die insgesamt 42 vollst\u00e4ndig geschlossenen und zudem beheizbaren Gondeln sch\u00fctzen auch bei schlechterem Winterwetter vor Wind, Regen und K\u00e4lte.<\/p>\n","protected":false},"excerpt":{"rendered":"Ab Freitag, 17. Oktober Riesenrad dreht sich wieder: Das m\u00fcssen Sie wissen Aktualisiert am 16.10.2025 &#8211; 09:03 UhrLesedauer:&hellip;\n","protected":false},"author":2,"featured_media":502652,"comment_status":"","ping_status":"","sticky":false,"template":"","format":"standard","meta":{"footnotes":""},"categories":[1831],"tags":[2922,24788,3364,29,3405,30,1209,176,125702,5206,7023,100448,8497],"class_list":{"0":"post-502651","1":"post","2":"type-post","3":"status-publish","4":"format-standard","5":"has-post-thumbnail","7":"category-duesseldorf","8":"tag-altstadt","9":"tag-burgplatz","10":"tag-de","11":"tag-deutschland","12":"tag-duesseldorf","13":"tag-germany","14":"tag-nordrhein-westfalen","15":"tag-nrw","16":"tag-oscar-bruch","17":"tag-rhein","18":"tag-riesenrad","19":"tag-vorweihnachtszeit","20":"tag-weihnachtsmarkt"},"share_on_mastodon":{"url":"https:\/\/pubeurope.com\/@de\/115382716062556451","error":""},"_links":{"self":[{"href":"https:\/\/www.europesays.com\/de\/wp-json\/wp\/v2\/posts\/502651","targetHints":{"allow":["GET"]}}],"collection":[{"href":"https:\/\/www.europesays.com\/de\/wp-json\/wp\/v2\/posts"}],"about":[{"href":"https:\/\/www.europesays.com\/de\/wp-json\/wp\/v2\/types\/post"}],"author":[{"embeddable":true,"href":"https:\/\/www.europesays.com\/de\/wp-json\/wp\/v2\/users\/2"}],"replies":[{"embeddable":true,"href":"https:\/\/www.europesays.com\/de\/wp-json\/wp\/v2\/comments?post=502651"}],"version-history":[{"count":0,"href":"https:\/\/www.europesays.com\/de\/wp-json\/wp\/v2\/posts\/502651\/revisions"}],"wp:featuredmedia":[{"embeddable":true,"href":"https:\/\/www.europesays.com\/de\/wp-json\/wp\/v2\/media\/502652"}],"wp:attachment":[{"href":"https:\/\/www.europesays.com\/de\/wp-json\/wp\/v2\/media?parent=502651"}],"wp:term":[{"taxonomy":"category","embeddable":true,"href":"https:\/\/www.europesays.com\/de\/wp-json\/wp\/v2\/categories?post=502651"},{"taxonomy":"post_tag","embeddable":true,"href":"https:\/\/www.europesays.com\/de\/wp-json\/wp\/v2\/tags?post=502651"}],"curies":[{"name":"wp","href":"https:\/\/api.w.org\/{rel}","templated":true}]}}