{"id":502653,"date":"2025-10-16T07:41:14","date_gmt":"2025-10-16T07:41:14","guid":{"rendered":"https:\/\/www.europesays.com\/de\/502653\/"},"modified":"2025-10-16T07:41:14","modified_gmt":"2025-10-16T07:41:14","slug":"zwei-konzerte-abgesagt-mein-koerper-ist-am-ende","status":"publish","type":"post","link":"https:\/\/www.europesays.com\/de\/502653\/","title":{"rendered":"Zwei Konzerte abgesagt \u2013 \u201eMein K\u00f6rper ist am Ende\u201c"},"content":{"rendered":"<p>\t\t\t\t\t\t\t\t\t\t\t\t\t\t\t\t\t\t\t\t\t\t\t\t\t\t\t\t      \t\t            \t\t             \t\t\t\t   \t\t\t\t\t   <img decoding=\"async\" id=\"article-image\" fetchpriority=\"high\" alt=\"Ayliva in Stuttgart: Zwei Konzerte abgesagt \u2013 \u201eMein K\u00f6rper ist am Ende\u201c\" title=\"Ayliva in Stuttgart: Zwei Konzerte abgesagt \u2013 \u201eMein K\u00f6rper ist am Ende\u201c\" src=\"https:\/\/www.europesays.com\/de\/wp-content\/uploads\/2025\/10\/media.media.de5ad3ea-0054-46c2-9113-6b95525756af.16x9_700.jpg\" data-linkto=\"https:\/\/www.stuttgarter-nachrichten.de\/javascript:void(0);\"\/>\t\t\t\t\t\t\t\t\t\t\t\t\t\t\t\t\t\t\t\t\t\t\t\tAyliva spielt doch nicht in Stuttgart \u2013 zumindest nicht an diesem Donnerstag und Freitag.\u00a0Foto: IMAGO\/Xinhua\t\t\t<\/p>\n<p>Mit Ayliva h\u00e4tte an diesem Donnerstag und Freitag eine der derzeit popul\u00e4rsten deutschen K\u00fcnstlerinnen in Stuttgart gespielt. Zwei der drei Konzerte musste sie nun kurzfristig absagen.<\/p>\n<p>Schlechte Nachricht f\u00fcr Fans der S\u00e4ngerin Ayliva: Die Konzerte an diesem Donnerstag (16. Oktober) und Freitag (17. Oktober) in der <a href=\"https:\/\/www.stuttgarter-nachrichten.de\/thema\/Hanns-Martin-Schleyer-Halle\" title=\"Hanns-Martin-Schleyer-Halle\" class=\"art_thema\" target=\"_blank\" rel=\"noopener\">Hanns-Martin-Schleyer-Halle<\/a> in <a href=\"https:\/\/www.stuttgarter-nachrichten.de\/thema\/Stuttgart\" title=\"Stuttgart\" class=\"art_thema\" target=\"_blank\" rel=\"noopener\">Stuttgart<\/a> sind abgesagt. Die Botschaft \u00fcberbrachte die 27-J\u00e4hrige auf ihren Social Media-Kan\u00e4len am Mittwochabend. <\/p>\n<p>Sie sei \u201eseit einigen Tagen extrem krank\u201c schrieb die S\u00e4ngerin. Gemeinsam mit \u00c4rzten habe sie versucht fit zu werden, \u201eaber mein K\u00f6rper ist am Ende\u201c, schrieb sie. Deshalb werde sie nicht auftreten k\u00f6nnen. \u201eMeine Stimme ist neben der Krankheit zus\u00e4tzlich durch eine Heiserkeit so sehr belastet, dass ich vorerst nicht mehr singen kann\u201c, erkl\u00e4rt Ayliva die Absage. <\/p>\n<p>  <img decoding=\"async\" loading=\"lazy\" src=\"https:\/\/www.europesays.com\/de\/wp-content\/uploads\/2025\/10\/media.media.31ac3ba7-9ca3-4cbb-ab4a-164e6a61c850.original1024.media.jpeg\"\/>     Ayliva bei einem   <a href=\"https:\/\/www.stuttgarter-nachrichten.de\/thema\/Konzert\" title=\"Konzert\" class=\"art_thema\" target=\"_blank\" rel=\"noopener\">Konzert<\/a> in Berlin im vergangenen Monat.    Foto: IMAGO\/Berlinfoto    Ayliva: \u201eEs tut mir so leid\u201c  <\/p>\n<p>\u00c4rzte h\u00e4tten ihr davon \u201edeutlich\u201c davon abgeraten aufzutreten, es bestehe \u201eeine Gefahr f\u00fcr meine Zukunft\u201c, so Ayliva. \u201eEs tut mir so leid und im Herzen weh, weil ich wei\u00df, dass ihr euch darauf gefreut und lange gewartet habt\u201c, schrieb sie an ihre Fans. <\/p>\n<p>Zus\u00e4tzlich ver\u00f6ffentlichte Ayliva auf <a href=\"https:\/\/www.stuttgarter-nachrichten.de\/thema\/Instagram\" title=\"Instagram\" class=\"art_thema\" target=\"_blank\" rel=\"noopener\">Instagram<\/a> ein Video, in dem sie sich nochmals an ihre Fans wandte. \u201eIhr kennt mich \u2013 ich w\u00e4re da hoch gegangen, wenn es m\u00f6glich w\u00e4re\u201c, sagte sie mit heiserer Stimme. Sie ruhe sich \u201ejetzt viel aus\u201c. Bereits im vergangenen Jahr hatte Ayliva Konzerte in Stuttgart gespielt, es sei \u201eimmer so sch\u00f6n laut\u201c gewesen in Stuttgart, \u201eumso mehr wei\u00df ich, dass es euch trifft\u201c.<\/p>\n<p>Ob das dritte Konzert an diesem Sonntag (19. Oktober) stattfindet, blieb offen \u2013 zumindest sagte Ayliva es nicht ab. <a href=\"https:\/\/www.ayliva.de\/\" target=\"_blank\" rel=\"noopener\">Am Donnerstagmorgen waren noch Restkarten erh\u00e4ltlich<\/a>. <\/p>\n<p>Sie wolle \u201enichts versprechen\u201c, aber sie und ihr Team w\u00fcrden \u201ealles daf\u00fcr tun, um Zusatztermine zu finden, doch die M\u00f6glichkeiten der Zusatzshows sind abh\u00e4ngig von meinem Zustand und der Koordinierung dieser Termine innerhalb der Tour\u201c, schrieb die S\u00e4ngerin weiter. Die Ayliva Tour 2025 macht nach Stuttgart noch f\u00fcr jeweils drei Konzerte in Hannover und Dortmund Halt. Das Geld f\u00fcr bereits verkaufte Tickets werde erstattet, hie\u00df es.<\/p>\n<p>Auf Tiktok erfolgreich, dann in den Charts <\/p>\n<p>Ayliva, mit b\u00fcrgerlichem Namen Elif Akar, entschied sich nach dem Studium (Soziale Arbeit) f\u00fcr die Musik, zun\u00e4chst ver\u00f6ffentlichte sie Musikclips auf Instagram und Tiktok und war damit auch erfolgreich. <\/p>\n<p>2021 unterzeichnete sie unter ihren ersten Plattenvertrag, ihre Deb\u00fctsingle \u201cDeine Schuld\u201d erschien im selben Jahr. Ihr aktuelles Album \u201eIn Liebe\u201c ist bereits ihr drittes Studioalbum, zwei Single-Auskopplungen erreichten Platz 1 in den deutschen Charts. <\/p>\n","protected":false},"excerpt":{"rendered":"Ayliva spielt doch nicht in Stuttgart \u2013 zumindest nicht an diesem Donnerstag und Freitag.\u00a0Foto: IMAGO\/Xinhua Mit Ayliva h\u00e4tte&hellip;\n","protected":false},"author":2,"featured_media":502654,"comment_status":"","ping_status":"","sticky":false,"template":"","format":"standard","meta":{"footnotes":""},"categories":[1830],"tags":[24110,8815,121959,1634,3364,29,30,15658,152,1310,1441],"class_list":{"0":"post-502653","1":"post","2":"type-post","3":"status-publish","4":"format-standard","5":"has-post-thumbnail","7":"category-stuttgart","8":"tag-abgesagt","9":"tag-absage","10":"tag-ayliva","11":"tag-baden-wuerttemberg","12":"tag-de","13":"tag-deutschland","14":"tag-germany","15":"tag-hanns-martin-schleyer-halle","16":"tag-instagram","17":"tag-konzert","18":"tag-stuttgart"},"share_on_mastodon":{"url":"https:\/\/pubeurope.com\/@de\/115382720020696388","error":""},"_links":{"self":[{"href":"https:\/\/www.europesays.com\/de\/wp-json\/wp\/v2\/posts\/502653","targetHints":{"allow":["GET"]}}],"collection":[{"href":"https:\/\/www.europesays.com\/de\/wp-json\/wp\/v2\/posts"}],"about":[{"href":"https:\/\/www.europesays.com\/de\/wp-json\/wp\/v2\/types\/post"}],"author":[{"embeddable":true,"href":"https:\/\/www.europesays.com\/de\/wp-json\/wp\/v2\/users\/2"}],"replies":[{"embeddable":true,"href":"https:\/\/www.europesays.com\/de\/wp-json\/wp\/v2\/comments?post=502653"}],"version-history":[{"count":0,"href":"https:\/\/www.europesays.com\/de\/wp-json\/wp\/v2\/posts\/502653\/revisions"}],"wp:featuredmedia":[{"embeddable":true,"href":"https:\/\/www.europesays.com\/de\/wp-json\/wp\/v2\/media\/502654"}],"wp:attachment":[{"href":"https:\/\/www.europesays.com\/de\/wp-json\/wp\/v2\/media?parent=502653"}],"wp:term":[{"taxonomy":"category","embeddable":true,"href":"https:\/\/www.europesays.com\/de\/wp-json\/wp\/v2\/categories?post=502653"},{"taxonomy":"post_tag","embeddable":true,"href":"https:\/\/www.europesays.com\/de\/wp-json\/wp\/v2\/tags?post=502653"}],"curies":[{"name":"wp","href":"https:\/\/api.w.org\/{rel}","templated":true}]}}