{"id":502655,"date":"2025-10-16T07:42:13","date_gmt":"2025-10-16T07:42:13","guid":{"rendered":"https:\/\/www.europesays.com\/de\/502655\/"},"modified":"2025-10-16T07:42:13","modified_gmt":"2025-10-16T07:42:13","slug":"fw-stuttgart-muelltonnenbrand-greift-auf-gebaeudefassaden-ueber","status":"publish","type":"post","link":"https:\/\/www.europesays.com\/de\/502655\/","title":{"rendered":"FW Stuttgart: M\u00fclltonnenbrand greift auf Geb\u00e4udefassaden \u00fcber"},"content":{"rendered":"<p class=\"date\">16.10.2025 \u2013 08:48<\/p>\n<p class=\"customer\">\n                        <a class=\"story-customer\" title=\"weiter zum newsroom von Feuerwehr Stuttgart\" href=\"https:\/\/www.presseportal.de\/blaulicht\/nr\/161590\" rel=\"nofollow noopener\" target=\"_blank\">Feuerwehr Stuttgart<\/a>\n                    <\/p>\n<p><a class=\"glightbox event-trigger\" href=\"https:\/\/cache.pressmailing.net\/thumbnail\/story_hires\/850af8e9-cf45-44b6-b3d2-5851cdb9e983\/DSCF0653.JPG.jpg\" data-description=\"Feuerwehr Stuttgart Brand M\u00fcllcontainer Hausfassade Lehmgrubenstra\u00dfe\" data-category=\"medialightbox\" data-action=\"click\" data-label=\"single\" data-value=\"68f09542270000fd2cb927ba\" rel=\"nofollow noopener\" target=\"_blank\"><img decoding=\"async\" height=\"540\" with=\"720\" src=\"https:\/\/www.europesays.com\/de\/wp-content\/uploads\/2025\/10\/fw-stuttgart-m-lltonnenbrand-greift-auf-geb-udefassaden-ber.jpeg\"   alt=\"FW Stuttgart: M\u00fclltonnenbrand greift auf Geb\u00e4udefassaden \u00fcber\" class=\"single\"\/><\/a><\/p>\n<p><a data-category=\"citylink-story-view\" data-action=\"click\" data-label=\"Citylink in Meldungsansicht\" class=\"story-city event-trigger\" href=\"https:\/\/www.presseportal.de\/regional\/Stuttgart\" title=\"News aus Stuttgart \" rel=\"nofollow noopener\" target=\"_blank\">Stuttgart<\/a> (ots)<\/p>\n<p>   &#8211; Brand einer M\u00fclltonne greift auf die Fassaden zweier Geb\u00e4ude<br \/>\n     \u00fcber<br \/>\n   &#8211; Brandausbreitung auf Wohnung im Erdgeschoss im letzten Moment<br \/>\n     verhindert<br \/>\n   &#8211; Aufwendige Nachl\u00f6scharbeiten erforderlich<\/p>\n<p>Am Mittwochabend wurde die Feuerwehr Stuttgart gegen 21:00 Uhr zu einem M\u00fclltonnenbrand im Stuttgarter Osten alarmiert. Anrufer meldeten den drohenden \u00dcbergriff des Brandes auf die angrenzenden Nachbargeb\u00e4ude.<\/p>\n<p>Die ersteintreffenden Kr\u00e4fte, welche die Einsatzstelle bereits nach wenigen Minuten erreichten, konnten das Lagebild best\u00e4tigen. Zwischenzeitlich hat sich das Feuer tats\u00e4chlich auf die Fassaden der Nachbargeb\u00e4ude ausgebreitet. Parallel zur Vorbereitung der direkten Brandbek\u00e4mpfung erfolgte daher die R\u00e4umung der betroffenen Geb\u00e4ude.<\/p>\n<p>Durch den schnellen Einsatz eines L\u00f6schrohres konnte die Brandausbreitung auf eine Wohnung im Erdgeschoss im letzten Moment verhindert werden. Die fortlaufende Kontrolle der angrenzenden Bereiche zeigte, dass nur ein leichter Raucheintritt stattgefunden hatte. Nach einer maschinellen Bel\u00fcftung konnten die betroffenen Nutzeinheiten wieder f\u00fcr die Bewohner freigegeben werden.<\/p>\n<p>Die Nachl\u00f6scharbeiten an den Fassaden gestalteten sich hingegen aufwendiger. Auf der Suche nach Glutnestern, mussten die betroffenen Bereiche auch in gr\u00f6\u00dferer H\u00f6he ge\u00f6ffnet werden, sodass der Einsatz einer Drehleiter erforderlich war. Die Einsatzma\u00dfnahmen der Feuerwehr konnten gegen 22:15 Uhr beendet werden.<\/p>\n<p>Einsatzkr\u00e4fte<\/p>\n<p>Berufsfeuerwehr<\/p>\n<p>Feuerwache 1:\t\tHilfeleistungsl\u00f6schgruppenfahrzeug<br \/>\nFeuerwache 2: \t\tInspektionsdienst, Ger\u00e4tewagen-Logistik<br \/>\nFeuerwache 3:\t\tL\u00f6schzug<\/p>\n<p>Freiwillige Feuerwehr<\/p>\n<p>Abt. Wagen:\t\tZwei L\u00f6schgruppenfahrzeuge, Tankl\u00f6schfahrzeug<\/p>\n<p class=\"contact-headline\">R\u00fcckfragen bitte an:<\/p>\n<p class=\"contact-text\">Feuerwehr Stuttgart<br \/>Presse- und \u00d6ffentlichkeitsarbeit<\/p>\n<p>0711 216 73555<br \/><a href=\"https:\/\/www.presseportal.de\/blaulicht\/pm\/161590\/mailto: 37-Pressestelle@stuttgart.de\" class=\"uri-mailto\" rel=\"nofollow noopener\" target=\"_blank\"> 37-Pressestelle@stuttgart.de<\/a><br \/><a target=\"_blank\" class=\"uri-ext outbound\" rel=\"noopener nofollow\" href=\"https:\/\/www.feuerwehr-stuttgart.de\">www.feuerwehr-stuttgart.de<\/a><\/p>\n<p class=\"originator\">Original-Content von: Feuerwehr Stuttgart, \u00fcbermittelt durch news aktuell<\/p>\n","protected":false},"excerpt":{"rendered":"16.10.2025 \u2013 08:48 Feuerwehr Stuttgart Stuttgart (ots) &#8211; Brand einer M\u00fclltonne greift auf die Fassaden zweier Geb\u00e4ude \u00fcber&hellip;\n","protected":false},"author":2,"featured_media":502656,"comment_status":"","ping_status":"","sticky":false,"template":"","format":"standard","meta":{"footnotes":""},"categories":[1830],"tags":[1634,2919,6187,3364,29,985,30,178,180,179,181,1441],"class_list":{"0":"post-502655","1":"post","2":"type-post","3":"status-publish","4":"format-standard","5":"has-post-thumbnail","7":"category-stuttgart","8":"tag-baden-wuerttemberg","9":"tag-brand","10":"tag-bw","11":"tag-de","12":"tag-deutschland","13":"tag-feuerwehr","14":"tag-germany","15":"tag-presse","16":"tag-pressemeldung","17":"tag-pressemitteilung","18":"tag-pressemitteilungen","19":"tag-stuttgart"},"share_on_mastodon":{"url":"https:\/\/pubeurope.com\/@de\/115382723983855456","error":""},"_links":{"self":[{"href":"https:\/\/www.europesays.com\/de\/wp-json\/wp\/v2\/posts\/502655","targetHints":{"allow":["GET"]}}],"collection":[{"href":"https:\/\/www.europesays.com\/de\/wp-json\/wp\/v2\/posts"}],"about":[{"href":"https:\/\/www.europesays.com\/de\/wp-json\/wp\/v2\/types\/post"}],"author":[{"embeddable":true,"href":"https:\/\/www.europesays.com\/de\/wp-json\/wp\/v2\/users\/2"}],"replies":[{"embeddable":true,"href":"https:\/\/www.europesays.com\/de\/wp-json\/wp\/v2\/comments?post=502655"}],"version-history":[{"count":0,"href":"https:\/\/www.europesays.com\/de\/wp-json\/wp\/v2\/posts\/502655\/revisions"}],"wp:featuredmedia":[{"embeddable":true,"href":"https:\/\/www.europesays.com\/de\/wp-json\/wp\/v2\/media\/502656"}],"wp:attachment":[{"href":"https:\/\/www.europesays.com\/de\/wp-json\/wp\/v2\/media?parent=502655"}],"wp:term":[{"taxonomy":"category","embeddable":true,"href":"https:\/\/www.europesays.com\/de\/wp-json\/wp\/v2\/categories?post=502655"},{"taxonomy":"post_tag","embeddable":true,"href":"https:\/\/www.europesays.com\/de\/wp-json\/wp\/v2\/tags?post=502655"}],"curies":[{"name":"wp","href":"https:\/\/api.w.org\/{rel}","templated":true}]}}