{"id":502663,"date":"2025-10-16T07:46:15","date_gmt":"2025-10-16T07:46:15","guid":{"rendered":"https:\/\/www.europesays.com\/de\/502663\/"},"modified":"2025-10-16T07:46:15","modified_gmt":"2025-10-16T07:46:15","slug":"koeln-shootingstar-el-mala-fc-bayern-hinterlegt-interesse","status":"publish","type":"post","link":"https:\/\/www.europesays.com\/de\/502663\/","title":{"rendered":"K\u00f6ln-Shootingstar El Mala: FC Bayern hinterlegt Interesse"},"content":{"rendered":"<p><strong>Der FC Bayern M\u00fcnchen ist schon jetzt auf der Suche nach Verst\u00e4rkungen. Unter anderem schaut man sich dabei nach abl\u00f6sefreien Spielern um, die den Kader gut erg\u00e4nzen k\u00f6nnen.\u00a0<\/strong><\/p>\n<p>Deswegen stehen nach wie vor Marc Guehi von Crystal Palace und Dusan Vlahovic von Juventus auf der Liste des FC Bayern. Doch auch andere Spieler werden schon beobachtet, Nico Schlotterbeck zum Beispiel.<\/p>\n<p>Zudem halten sich die Ger\u00fcchte um Said El Mala, den Shootingstar des 1. FC K\u00f6ln. Der dribbelstarke Spieler hat sich gerade in der Bundesliga einen Namen gemacht und schafft es, mit seinen schnellen Haken den Gegnern immer wieder Probleme zu bereiten.<\/p>\n<p>El Mala auf der Bayern-Liste<\/p>\n<p>Vor allem Sky berichtete zuletzt, dass Bayern den Spieler immer mal wieder beobachtet hat und ihn schon jetzt als m\u00f6glichen Transfer f\u00fcr die Zukunft in Erw\u00e4gung ziehen soll. Im Podcast Bayern Insider der beiden SportBILD-Reporter Christian Falk und Tobias Altsch\u00e4ffl wurde die Personalie El Mala nun auch thematisiert.<\/p>\n<p>\u201eWir haben geh\u00f6rt: Bayerns Scouting-Boss Nils Schmadtke (36) hat bei K\u00f6ln schon vor l\u00e4ngerer Zeit hinterlegt, dass sie Interesse an ihm haben\u201c, hei\u00dft es dort. Viel mehr ist f\u00fcr den Moment aber noch nicht passiert. Es gab noch keine direkten Gespr\u00e4che. Aber: \u201eK\u00f6ln soll den Bayern einen Wink geben, wenn sich ein Transfer bei El Mala abzeichnet. Denn dann ist auch der FC Bayern im Rennen.\u201c<\/p>\n<p><a href=\"https:\/\/neunzigplus.de\/wp-content\/uploads\/2025\/10\/tsg-hoffenheim-v-1-fc-koln-bundesliga-8-scaled.jpg\" target=\"_blank\" rel=\"noopener\"><img loading=\"lazy\" decoding=\"async\" class=\"size-full wp-image-1419075\" src=\"https:\/\/www.europesays.com\/de\/wp-content\/uploads\/2025\/10\/tsg-hoffenheim-v-1-fc-koln-bundesliga-8-scaled-e1760600182197.jpg\" alt=\"Said El Mala \" width=\"1340\" height=\"1054\"\/><\/a>Foto: Getty Images<\/p>\n<p>Die Bayern wollen sich also die Option offen halten, in ein m\u00f6gliches Rennen um El Mala einzusteigen. Bayern droht aber ein kleines Problem, falls der Spieler komplett durchstartet: \u201eWenn er in dieser Saison auf einmal 10 Tore erzielt und Klubs aus England pl\u00f6tzlich 50 Mio. Euro bieten, musst du \u00fcberlegen, ob du f\u00fcr einen jungen, talentierten und ambitionierten Spieler so viel Geld ausgeben willst, obwohl er bei dir vielleicht nur Backup ist.\u201c<\/p>\n<p><img decoding=\"async\" class=\"wp-worthy-pixel-img skip-lazy \" src=\"https:\/\/www.europesays.com\/de\/wp-content\/uploads\/2025\/10\/4b6e7e363d7741ab8702c0f49c83276d.gif\" loading=\"eager\" data-no-lazy=\"1\" data-skip-lazy=\"1\" height=\"1\" width=\"1\" alt=\"\"\/> <\/p>\n","protected":false},"excerpt":{"rendered":"Der FC Bayern M\u00fcnchen ist schon jetzt auf der Suche nach Verst\u00e4rkungen. Unter anderem schaut man sich dabei&hellip;\n","protected":false},"author":2,"featured_media":502664,"comment_status":"","ping_status":"","sticky":false,"template":"","format":"standard","meta":{"footnotes":""},"categories":[1828],"tags":[29,30,1420,1209,96014],"class_list":{"0":"post-502663","1":"post","2":"type-post","3":"status-publish","4":"format-standard","5":"has-post-thumbnail","7":"category-koeln","8":"tag-deutschland","9":"tag-germany","10":"tag-koeln","11":"tag-nordrhein-westfalen","12":"tag-said-el-mala"},"share_on_mastodon":{"url":"https:\/\/pubeurope.com\/@de\/115382739589870846","error":""},"_links":{"self":[{"href":"https:\/\/www.europesays.com\/de\/wp-json\/wp\/v2\/posts\/502663","targetHints":{"allow":["GET"]}}],"collection":[{"href":"https:\/\/www.europesays.com\/de\/wp-json\/wp\/v2\/posts"}],"about":[{"href":"https:\/\/www.europesays.com\/de\/wp-json\/wp\/v2\/types\/post"}],"author":[{"embeddable":true,"href":"https:\/\/www.europesays.com\/de\/wp-json\/wp\/v2\/users\/2"}],"replies":[{"embeddable":true,"href":"https:\/\/www.europesays.com\/de\/wp-json\/wp\/v2\/comments?post=502663"}],"version-history":[{"count":0,"href":"https:\/\/www.europesays.com\/de\/wp-json\/wp\/v2\/posts\/502663\/revisions"}],"wp:featuredmedia":[{"embeddable":true,"href":"https:\/\/www.europesays.com\/de\/wp-json\/wp\/v2\/media\/502664"}],"wp:attachment":[{"href":"https:\/\/www.europesays.com\/de\/wp-json\/wp\/v2\/media?parent=502663"}],"wp:term":[{"taxonomy":"category","embeddable":true,"href":"https:\/\/www.europesays.com\/de\/wp-json\/wp\/v2\/categories?post=502663"},{"taxonomy":"post_tag","embeddable":true,"href":"https:\/\/www.europesays.com\/de\/wp-json\/wp\/v2\/tags?post=502663"}],"curies":[{"name":"wp","href":"https:\/\/api.w.org\/{rel}","templated":true}]}}