{"id":502667,"date":"2025-10-16T07:48:11","date_gmt":"2025-10-16T07:48:11","guid":{"rendered":"https:\/\/www.europesays.com\/de\/502667\/"},"modified":"2025-10-16T07:48:11","modified_gmt":"2025-10-16T07:48:11","slug":"sicherheitsoffensive-im-suedlichen-bahnhofsviertel-abendzeitung-muenchen","status":"publish","type":"post","link":"https:\/\/www.europesays.com\/de\/502667\/","title":{"rendered":"Sicherheitsoffensive im s\u00fcdlichen Bahnhofsviertel | Abendzeitung M\u00fcnchen"},"content":{"rendered":"<p>Die M\u00fcnchner <a href=\"https:\/\/www.abendzeitung-muenchen.de\/organisation\/polizei\/\" target=\"_blank\" rel=\"noopener\">Polizei<\/a> hat ihre Eins\u00e4tze im gesamten s\u00fcdlichen Bahnhofsviertel intensiviert, jetzt verlagert sie ihren Schwerpunkt entsprechend, um auch dort wie im Alten Botanischen Garten eine gr\u00f6\u00dfere Sicherheit zu gew\u00e4hrleisten.<\/p>\n<p>Die Taskforce Bahnhofsviertel unter der Leitung des <a href=\"https:\/\/www.abendzeitung-muenchen.de\/organisation\/kreisverwaltungsreferat\/\" target=\"_blank\" rel=\"noopener\">Kreisverwaltungsreferats<\/a> (KVR) habe das f\u00fcr Schl\u00e4gereien, Drogen, Saufgelage und sexuelle \u00dcbergriffe bekannte Areal &#8222;wieder zu einem Ort gemacht, an dem die M\u00fcnchner*innen sich gerne aufhalten&#8220;, teilt die Stadt mit.\u00a0<\/p>\n<p>Verst\u00e4rkte Kontrollen und mehr soziale Arbeit<\/p>\n<p>In der Taskforce arbeiten verschiedene st\u00e4dtische Referate und das <a href=\"https:\/\/www.abendzeitung-muenchen.de\/organisation\/polizeipraesidium-muenchen\/\" target=\"_blank\" rel=\"noopener\">Polizeipr\u00e4sidium M\u00fcnchen<\/a> eng zusammen. Den Angaben zufolge wurden einige Ma\u00dfnahmen bereits umgesetzt. So habe der Kommunale Au\u00dfendienst (KAD) seinen Fokus ins s\u00fcdliche Bahnhofsviertel verlagert, au\u00dferdem werde die M\u00f6glichkeit einer Video\u00fcberwachung gepr\u00fcft. Eine weitere S\u00e4ule sei auch im s\u00fcdlichen Bahnhofsviertel die soziale Arbeit in Kooperation mit verschiedenen Tr\u00e4gern.<\/p>\n<p>Dieter Reiter spricht von einem &#8222;Erfolgskonzept&#8220;<\/p>\n<p>&#8222;Die Taskforce Bahnhofsviertel ist ein Erfolgskonzept, das zeigt, wie schnell wir in <a href=\"https:\/\/www.abendzeitung-muenchen.de\/muenchen\/\" target=\"_blank\" rel=\"noopener\">M\u00fcnchen<\/a> Situationen verbessern k\u00f6nnen, wenn alle an einem Strang ziehen&#8220;, sagt M\u00fcnchens Oberb\u00fcrgermeister <a href=\"https:\/\/www.abendzeitung-muenchen.de\/person\/dieter-reiter\/\" target=\"_blank\" rel=\"noopener\">Dieter Reiter<\/a> (<a href=\"https:\/\/www.abendzeitung-muenchen.de\/organisation\/spd\/\" target=\"_blank\" rel=\"noopener\">SPD<\/a>). Er sei \u00fcberzeugt, dass dieser Ansatz auch im s\u00fcdlichen Bahnhofsviertel funktionieren werde. Auf Reiters Initiative hin war die Taskforce vor knapp eineinhalb Jahren entstanden.<\/p>\n<p>Mehr Sicherheit und Sauberkeit: Das sind die Ma\u00dfnahmen<\/p>\n<p>Um das Viertel trotz der H\u00e4ufung von Baustellen \u00fcbersichtlich und sauber zu halten, habe die Stadt ein eigenes Konzept f\u00fcr Bauz\u00e4une entwickelt, das Bauherren entsprechende Auflagen macht. Ziel ist es, das Ambiente freundlicher und einheitlicher zu gestalten. Zudem plane die Taskforce, die Beleuchtung und Sauberkeit im gesamten Viertel zu verbessern.<\/p>\n<p>Taskforce sucht das Gespr\u00e4ch mit den Menschen im Viertel<\/p>\n<p>Einen wichtigen Punkt im Miteinander vor Ort spricht Hanna Samm\u00fcller (Gr\u00fcne) an. Die Kreisverwaltungsreferentin h\u00e4lt die Zusammenarbeit mit den Anliegern und Anwohnern f\u00fcr entscheidend: &#8222;Deshalb nimmt sich die Taskforce auch im s\u00fcdlichen Bahnhofsviertel viele Ressourcen f\u00fcr Gespr\u00e4che und Ortstermine mit den Akteur*innen im Viertel.&#8220;<\/p>\n<p>Vor-Ort-Termine und Begehungen, wie zum Beispiel mit dem Verein S\u00fcdliches Bahnhofsviertel und Hoteliers sollen dabei sicherstellen, dass die Anliegen der Menschen im Viertel in die Planungen einflie\u00dfen. Auch Gespr\u00e4che wie mit der Tourismus Initiative M\u00fcnchen oder der Deutschen Bahn seien eine weitere St\u00fctze. Die Taskforce habe dazu direkte Kommunikationswege geschaffen, hei\u00dft es.<\/p>\n<p>Alter Botanischer Garten soll weiter im Fokus bleiben<\/p>\n<p>Besteht nicht die Gefahr, dass die Polizei dann zuk\u00fcnftig den Kriminalit\u00e4tsschwerpunkt Alter Botanischer Garten aus den Augen verliert? &#8222;Trotz der Schwerpunktverlagerung ins s\u00fcdliche Bahnhofsviertel beh\u00e4lt die Taskforce ihre bisherigen Kernbereiche \u2013 wie den Alten Botanischen Garten, den Karl-St\u00fctzel-Platz und die Umgebung \u2013 im Blick und verfolgt die angesto\u00dfenen Ma\u00dfnahmen dort weiter&#8220;, betont die Stadt.<\/p>\n","protected":false},"excerpt":{"rendered":"Die M\u00fcnchner Polizei hat ihre Eins\u00e4tze im gesamten s\u00fcdlichen Bahnhofsviertel intensiviert, jetzt verlagert sie ihren Schwerpunkt entsprechend, um&hellip;\n","protected":false},"author":2,"featured_media":502668,"comment_status":"","ping_status":"","sticky":false,"template":"","format":"standard","meta":{"footnotes":""},"categories":[1827],"tags":[7025,772,29,433,30,1584,45747,1268,125704,25562],"class_list":{"0":"post-502667","1":"post","2":"type-post","3":"status-publish","4":"format-standard","5":"has-post-thumbnail","7":"category-muenchen","8":"tag-bahnhofsviertel","9":"tag-bayern","10":"tag-deutschland","11":"tag-drogen","12":"tag-germany","13":"tag-kriminalitaet","14":"tag-kvr","15":"tag-muenchen","16":"tag-task-force","17":"tag-videoueberwachung"},"share_on_mastodon":{"url":"https:\/\/pubeurope.com\/@de\/115382747528910874","error":""},"_links":{"self":[{"href":"https:\/\/www.europesays.com\/de\/wp-json\/wp\/v2\/posts\/502667","targetHints":{"allow":["GET"]}}],"collection":[{"href":"https:\/\/www.europesays.com\/de\/wp-json\/wp\/v2\/posts"}],"about":[{"href":"https:\/\/www.europesays.com\/de\/wp-json\/wp\/v2\/types\/post"}],"author":[{"embeddable":true,"href":"https:\/\/www.europesays.com\/de\/wp-json\/wp\/v2\/users\/2"}],"replies":[{"embeddable":true,"href":"https:\/\/www.europesays.com\/de\/wp-json\/wp\/v2\/comments?post=502667"}],"version-history":[{"count":0,"href":"https:\/\/www.europesays.com\/de\/wp-json\/wp\/v2\/posts\/502667\/revisions"}],"wp:featuredmedia":[{"embeddable":true,"href":"https:\/\/www.europesays.com\/de\/wp-json\/wp\/v2\/media\/502668"}],"wp:attachment":[{"href":"https:\/\/www.europesays.com\/de\/wp-json\/wp\/v2\/media?parent=502667"}],"wp:term":[{"taxonomy":"category","embeddable":true,"href":"https:\/\/www.europesays.com\/de\/wp-json\/wp\/v2\/categories?post=502667"},{"taxonomy":"post_tag","embeddable":true,"href":"https:\/\/www.europesays.com\/de\/wp-json\/wp\/v2\/tags?post=502667"}],"curies":[{"name":"wp","href":"https:\/\/api.w.org\/{rel}","templated":true}]}}