{"id":502669,"date":"2025-10-16T07:49:11","date_gmt":"2025-10-16T07:49:11","guid":{"rendered":"https:\/\/www.europesays.com\/de\/502669\/"},"modified":"2025-10-16T07:49:11","modified_gmt":"2025-10-16T07:49:11","slug":"hamburger-schulbehoerde-streicht-busfahrer-an-foerderschule","status":"publish","type":"post","link":"https:\/\/www.europesays.com\/de\/502669\/","title":{"rendered":"Hamburger Schulbeh\u00f6rde streicht Busfahrer an F\u00f6rderschule"},"content":{"rendered":"<p><b>Fahrten zum Schwimmen oder Reiten, Pausenaufsichten und Krankentransporte: Sechs Jahre lang war Herr S. (56) mehr als nur ein Busfahrer f\u00fcr die Sch\u00fcler der Kurt-Juster-Schule. Zum neuen Schuljahr hat die Schulbeh\u00f6rde nicht nur seine Stelle als Pr\u00e4senzbusfahrer gestrichen, sondern auch an allen Hamburger F\u00f6rderschulen den Fahrdienst neu ausgeschrieben \u2013 mit fatalen Folgen. Eltern sehen das Wohl ihrer Kinder in Gefahr \u2013 sie wollen ihren Pr\u00e4senzbusfahrer zur\u00fcck. Auch er selbst w\u00fcrde sofort wieder einsteigen. <\/b><\/p>\n","protected":false},"excerpt":{"rendered":"Fahrten zum Schwimmen oder Reiten, Pausenaufsichten und Krankentransporte: Sechs Jahre lang war Herr S. (56) mehr als nur&hellip;\n","protected":false},"author":2,"featured_media":502670,"comment_status":"","ping_status":"","sticky":false,"template":"","format":"standard","meta":{"footnotes":""},"categories":[1826],"tags":[29,30,692],"class_list":{"0":"post-502669","1":"post","2":"type-post","3":"status-publish","4":"format-standard","5":"has-post-thumbnail","7":"category-hamburg","8":"tag-deutschland","9":"tag-germany","10":"tag-hamburg"},"share_on_mastodon":{"url":"https:\/\/pubeurope.com\/@de\/115382751651391946","error":""},"_links":{"self":[{"href":"https:\/\/www.europesays.com\/de\/wp-json\/wp\/v2\/posts\/502669","targetHints":{"allow":["GET"]}}],"collection":[{"href":"https:\/\/www.europesays.com\/de\/wp-json\/wp\/v2\/posts"}],"about":[{"href":"https:\/\/www.europesays.com\/de\/wp-json\/wp\/v2\/types\/post"}],"author":[{"embeddable":true,"href":"https:\/\/www.europesays.com\/de\/wp-json\/wp\/v2\/users\/2"}],"replies":[{"embeddable":true,"href":"https:\/\/www.europesays.com\/de\/wp-json\/wp\/v2\/comments?post=502669"}],"version-history":[{"count":0,"href":"https:\/\/www.europesays.com\/de\/wp-json\/wp\/v2\/posts\/502669\/revisions"}],"wp:featuredmedia":[{"embeddable":true,"href":"https:\/\/www.europesays.com\/de\/wp-json\/wp\/v2\/media\/502670"}],"wp:attachment":[{"href":"https:\/\/www.europesays.com\/de\/wp-json\/wp\/v2\/media?parent=502669"}],"wp:term":[{"taxonomy":"category","embeddable":true,"href":"https:\/\/www.europesays.com\/de\/wp-json\/wp\/v2\/categories?post=502669"},{"taxonomy":"post_tag","embeddable":true,"href":"https:\/\/www.europesays.com\/de\/wp-json\/wp\/v2\/tags?post=502669"}],"curies":[{"name":"wp","href":"https:\/\/api.w.org\/{rel}","templated":true}]}}