{"id":502681,"date":"2025-10-16T07:56:12","date_gmt":"2025-10-16T07:56:12","guid":{"rendered":"https:\/\/www.europesays.com\/de\/502681\/"},"modified":"2025-10-16T07:56:12","modified_gmt":"2025-10-16T07:56:12","slug":"s-bahn-erfasst-rollstuhlfahrer-mann-in-kritischem-zustand","status":"publish","type":"post","link":"https:\/\/www.europesays.com\/de\/502681\/","title":{"rendered":"S-Bahn erfasst Rollstuhlfahrer \u2013 Mann in kritischem Zustand"},"content":{"rendered":"<p class=\"tspBHk0 tspBHk1\">Ein Rollstuhlfahrer ist bei einem Unfall mit einer S-Bahn am Berliner Bahnhof Westkreuz lebensgef\u00e4hrlich verletzt worden. Einem Sprecher der Bundespolizei zufolge befindet sich der Verletzte in einem kritischen Zustand. Er war in der sp\u00e4ten Nacht ins Gleisbett geraten und nach ersten Erkenntnissen der Polizei von einer S-Bahn der Linie 9 erfasst worden.<\/p>\n<p>Charlottenburg-Wilmersdorf Newsletter<\/p>\n<p><img decoding=\"async\" src=\"https:\/\/www.europesays.com\/de\/wp-content\/uploads\/2025\/04\/chawi-icon.png\" alt=\"\" class=\"tspBXfv\"\/><\/p>\n<p class=\"tspBXmz\"> Mehr Neuigkeiten zum Bezirk gibt es in unserem Newsletter \u2014 jede Woche per E-Mail. <\/p>\n<p class=\"tspBHk0\">Nach Tagesspiegel-Informationen ereignete sich der Unfall zwischen zwei und vier Uhr, also au\u00dferhalb des Berufsverkehrs. Auch soll der Mann alkoholisiert gewesen sein. Zum genaueren Unfallhergang konnte die Polizei zun\u00e4chst keine Angaben machen.<\/p>\n<p> Hilfsangebote <\/p>\n<p class=\"tspBHk0\">Haben Sie dunkle Gedanken? Wenn es Ihnen nicht gut geht oder Sie daran denken, sich das Leben zu nehmen, versuchen Sie, mit anderen Menschen dar\u00fcber zu sprechen. Das k\u00f6nnen Freund:innen oder Verwandte sein. Es gibt auch eine Vielzahl von Hilfsangeboten, bei denen Sie sich melden k\u00f6nnen.<\/p>\n<p class=\"tspBHk0\">Der Berliner Krisendienst ist anonym, kostenlos und rund um die Uhr erreichbar. Die Telefonnummern variieren nach Bezirk, die richtige Durchwahl f\u00fcr Ihren Bezirk finden Sie unter www.berliner-krisendienst.de.<\/p>\n<p class=\"tspBHk0\">Die Telefonseelsorge bietet einen Hilfe-Chat an. Au\u00dferdem gibt es die M\u00f6glichkeit einer E-Mail-Beratung. Die Anmeldung erfolgt \u2013 ebenfalls anonym und kostenlos \u2013 auf der Webseite. Informationen finden Sie unter: www.telefonseelsorge.de. Diese ist zudem Tag und Nacht unter dieser Nummer erreichbar: 0800 1110111<\/p>\n<p> Mehr aus Berlin: <a href=\"https:\/\/www.tagesspiegel.de\/berlin\/berlins-linke-spitzenkandidatin-elif-eralp-wir-mussen-kai-wegner-ablosen-14572658.html?icid=topic-list_14578094___\" data-gtm-class=\"article-mzt-link\" class=\"tspBRlv\" target=\"_blank\" rel=\"noopener\">Berlins Linke-Spitzenkandidatin im Interview So will Elif Eralp die Mietenkrise in der Hauptstadt l\u00f6sen <\/a><a href=\"https:\/\/www.tagesspiegel.de\/berlin\/ein-reines-ablenkungsmanover-zugangssperren-an-berliner-u-bahnhofen--das-sagt-ein-verkehrsforscher-zum-cdu-plan-14572574.html?icid=topic-list_14578094___\" data-gtm-class=\"article-mzt-link\" class=\"tspBRlv\" target=\"_blank\" rel=\"noopener\">\u201eEin reines Ablenkungsman\u00f6ver\u201c Zugangssperren an Berliner U-Bahnh\u00f6fen \u2013 das sagt ein Verkehrsforscher zum CDU-Plan  <\/a><a href=\"https:\/\/www.tagesspiegel.de\/berlin\/berliner-wirtschaft\/giffeys-wutrede-von-warschau-im-video-all-die-die-neidisch-sind-die-berlin-kritisieren-die-kommen-gerne-in-unsere-stadt-14565473.html?icid=topic-list_14578094___\" data-gtm-class=\"article-mzt-link\" class=\"tspBRlv\" target=\"_blank\" rel=\"noopener\">Giffeys Wutrede von Warschau im Video \u201eAll die, die neidisch sind, die Berlin kritisieren, die kommen gerne in unsere Stadt\u201c <\/a><\/p>\n<p class=\"tspBHk0\">Im Bahnverkehr gab es infolge des Unfalls zwischenzeitlich Einschr\u00e4nkungen auf den Linien S3, S5, S7 und S9. Mittlerweile l\u00e4uft der Verkehr wieder st\u00f6rungsfrei. (Tsp, dpa) <\/p>\n","protected":false},"excerpt":{"rendered":"Ein Rollstuhlfahrer ist bei einem Unfall mit einer S-Bahn am Berliner Bahnhof Westkreuz lebensgef\u00e4hrlich verletzt worden. Einem Sprecher&hellip;\n","protected":false},"author":2,"featured_media":502682,"comment_status":"","ping_status":"","sticky":false,"template":"","format":"standard","meta":{"footnotes":""},"categories":[1825],"tags":[296,531,29,30,1949,2101],"class_list":{"0":"post-502681","1":"post","2":"type-post","3":"status-publish","4":"format-standard","5":"has-post-thumbnail","7":"category-berlin","8":"tag-berlin","9":"tag-charlottenburg-wilmersdorf","10":"tag-deutschland","11":"tag-germany","12":"tag-s-bahn","13":"tag-verkehrsungluecke"},"share_on_mastodon":{"url":"https:\/\/pubeurope.com\/@de\/115382778947187637","error":""},"_links":{"self":[{"href":"https:\/\/www.europesays.com\/de\/wp-json\/wp\/v2\/posts\/502681","targetHints":{"allow":["GET"]}}],"collection":[{"href":"https:\/\/www.europesays.com\/de\/wp-json\/wp\/v2\/posts"}],"about":[{"href":"https:\/\/www.europesays.com\/de\/wp-json\/wp\/v2\/types\/post"}],"author":[{"embeddable":true,"href":"https:\/\/www.europesays.com\/de\/wp-json\/wp\/v2\/users\/2"}],"replies":[{"embeddable":true,"href":"https:\/\/www.europesays.com\/de\/wp-json\/wp\/v2\/comments?post=502681"}],"version-history":[{"count":0,"href":"https:\/\/www.europesays.com\/de\/wp-json\/wp\/v2\/posts\/502681\/revisions"}],"wp:featuredmedia":[{"embeddable":true,"href":"https:\/\/www.europesays.com\/de\/wp-json\/wp\/v2\/media\/502682"}],"wp:attachment":[{"href":"https:\/\/www.europesays.com\/de\/wp-json\/wp\/v2\/media?parent=502681"}],"wp:term":[{"taxonomy":"category","embeddable":true,"href":"https:\/\/www.europesays.com\/de\/wp-json\/wp\/v2\/categories?post=502681"},{"taxonomy":"post_tag","embeddable":true,"href":"https:\/\/www.europesays.com\/de\/wp-json\/wp\/v2\/tags?post=502681"}],"curies":[{"name":"wp","href":"https:\/\/api.w.org\/{rel}","templated":true}]}}