{"id":502687,"date":"2025-10-16T07:59:10","date_gmt":"2025-10-16T07:59:10","guid":{"rendered":"https:\/\/www.europesays.com\/de\/502687\/"},"modified":"2025-10-16T07:59:10","modified_gmt":"2025-10-16T07:59:10","slug":"erst-angestellte-jetzt-chefin-so-geht-es-mit-steinhagens-buchhandlung-weiter-steinhagen-haller-kreisblatt","status":"publish","type":"post","link":"https:\/\/www.europesays.com\/de\/502687\/","title":{"rendered":"Erst Angestellte, jetzt Chefin: So geht es mit Steinhagens Buchhandlung weiter | Steinhagen &#8211; Haller Kreisblatt"},"content":{"rendered":"<ol>\n<li><a href=\"https:\/\/news.google.com\/rss\/articles\/CBMi1wFBVV95cUxNcmlITHZBWEVHQzE5bTJlTWFVblgtM3M3andNWjNUWUVDTERDUDlSTWJPVXdQeXBwQk5kLVdDaF82X3JCTHVKbDlPa2cta3lrNGw0SjFrcFRXaGVLQlpLa2F5ZUNWbjA1cmN4MlBCYkM1emJEalY2NE5ycmNWTDBUV21Od3FtOWM0SGtTLURwaTl3dVF4TlB5TjZNaElhbkppelFJUjlaUm5ENHh2NjRnQm9NU3d3ZXlDaWlxS2Z0QmF4NElLcGhUMEJ1YUtSZWhZRHkxTlZGVQ?oc=5\" target=\"_blank\" rel=\"noopener\">Erst Angestellte, jetzt Chefin: So geht es mit Steinhagens Buchhandlung weiter | Steinhagen<\/a>&nbsp;&nbsp;Haller Kreisblatt<\/li>\n<li><a href=\"https:\/\/news.google.com\/rss\/articles\/CBMi3wFBVV95cUxQbkxaVDItRHVxUGZRdkY0V200MHJhMHNRSmNxVW85NGZVZTJSLW1obVRzOUdCY2p5bVJlVlBvQWZWanF0NUdJWmowYkhuajBlbWVlOW9tUW11WUJ2RzR1N25CVGhtMU9FRC15R2ZicUdWakNrd0FYcnZUa05HMFJEZnJDNFQwMjVSNVItZWlvUzFPMVlZQ0stSWNxZW15OTV0RkR4WHNnZUc5N0JMWGE2YkVCRTRlVmc4eEM3Z1NGbDFhSkNsTmNsTjE5QXMwckJHekhEcnNyV1dtVUNDd1hn?oc=5\" target=\"_blank\" rel=\"noopener\">Gro\u00dfes Sterben der kleinen Buchl\u00e4den: Zahl der Bucheinzelh\u00e4ndler erreicht neuen Tiefstand<\/a>&nbsp;&nbsp;tagesschau.de<\/li>\n<li><a href=\"https:\/\/news.google.com\/rss\/articles\/CBMizwFBVV95cUxOV2ZnZmNtUTdpSFdjWGZJSXBkLXVYeEhpNkdRS3VlR2NtdDhTUkQ3VjZJTXN1MERycXc5bzF0SGF1VkVvSkE2dXlxUmZWMWxCUENaN1NhUEJuM1ZpNGFaS3A3TnR2YjM4OFZSM01zY0E3WFltZE1MYjNXWnVRMnRkS3MxX000b3A0X3dhY0FnQk5qaHNkMkt3R3JqaUtRRkp1a0YwdUhvaWpLdll0SE1QdGN6STlObTRMRlljZVM0Ykx2ZjdhQzdDQWQ2MmJGZFU?oc=5\" target=\"_blank\" rel=\"noopener\">Buchmesse 2025: Deutscher Buchhandel steckt im Umbruch<\/a>&nbsp;&nbsp;hessenschau.de<\/li>\n<li><a href=\"https:\/\/news.google.com\/rss\/articles\/CBMiswFBVV95cUxNR0IyM2FZU3VZa1plV0NVVjFaNFhwTVlpaWw0NzRaaHBEdGprTlV3RHlfOUF4SlNpWTRFclAtN3JkdmZ1cWs1ZFljV3BwZGVzeWhEZGZjQ1VXUUxpZ2tPem5VSlc4ODF0aU83dTNFWDN2TEpibVRuYW1BME83U2JXUnhBcUh1UjRJLVhyaWh3Z1QtWjg1ZmtZWmFjZ3NqYk9CZnB3cUVYTkdIYllCZ3JsZ0NDSQ?oc=5\" target=\"_blank\" rel=\"noopener\">Einzelhandel in Deutschland: Zahl der Buchhandlungen in Deutschland sinkt auf Tiefststand<\/a>&nbsp;&nbsp;DIE ZEIT<\/li>\n<li><a href=\"https:\/\/news.google.com\/rss\/articles\/CBMi9gFBVV95cUxOakVOMFRENFRJYm5RRm90M3hqU0NoUjd4V1JSMTlQTEVtU3hvTTM2Smt5TkJwVUNQRjZpTklDcV9MSzJWS0tYUlJRbWNkaUN0c1BVeVZ5VGFqYmJCMllCVGc4c25HV2d6RXFmTmNzeXpCSDhNWkEzZmd2YUUyNDVVZE9lbzF0Nm5LdHdRVUVOemdjWHBJVEFpUzFQWHVlbmQ2R3Z4NkdXTks3UTNIdkJOSER4YUJFMUFHTmJkUmFvNmhhOUlkSlV4bXU0cGE3RF9rNW9qNnBKTElnWmlGSXNTYjE3MUpWVVlFYnJydGppLUM2RnViaGc?oc=5\" target=\"_blank\" rel=\"noopener\">Zahl der Buchhandlungen in Deutschland sinkt auf Tiefststand \u2013 Unterst\u00fctzung durch Kommunen gefordert<\/a>&nbsp;&nbsp;SWR<\/li>\n<\/ol>\n","protected":false},"excerpt":{"rendered":"Erst Angestellte, jetzt Chefin: So geht es mit Steinhagens Buchhandlung weiter | Steinhagen&nbsp;&nbsp;Haller Kreisblatt Gro\u00dfes Sterben der kleinen&hellip;\n","protected":false},"author":2,"featured_media":502688,"comment_status":"","ping_status":"","sticky":false,"template":"","format":"standard","meta":{"footnotes":""},"categories":[1774],"tags":[125736,1784,1785,3884,102818,29,214,125735,553,2050,30,734,19081,22425,1613,125738,874,16382,105011,125737,215],"class_list":{"0":"post-502687","1":"post","2":"type-post","3":"status-publish","4":"format-standard","5":"has-post-thumbnail","7":"category-buecher","8":"tag-anne-herbrechtsmeier","9":"tag-books","10":"tag-buecher","11":"tag-buchhandlung","12":"tag-cnt_aufmacher","13":"tag-deutschland","14":"tag-entertainment","15":"tag-erffnungstermin","16":"tag-familie","17":"tag-frankfurt","18":"tag-germany","19":"tag-meta_artikelklasse_nachricht","20":"tag-meta_copyrights_hk","21":"tag-meta_themen_gastro_kochen_shopping","22":"tag-meta_userneeds_informieremich","23":"tag-nathalie-hunke","24":"tag-statistisches-bundesamt","25":"tag-steinhagen","26":"tag-susanne-abel","27":"tag-susanne-lechtermann","28":"tag-unterhaltung"},"share_on_mastodon":{"url":"https:\/\/pubeurope.com\/@de\/115382790705461974","error":""},"_links":{"self":[{"href":"https:\/\/www.europesays.com\/de\/wp-json\/wp\/v2\/posts\/502687","targetHints":{"allow":["GET"]}}],"collection":[{"href":"https:\/\/www.europesays.com\/de\/wp-json\/wp\/v2\/posts"}],"about":[{"href":"https:\/\/www.europesays.com\/de\/wp-json\/wp\/v2\/types\/post"}],"author":[{"embeddable":true,"href":"https:\/\/www.europesays.com\/de\/wp-json\/wp\/v2\/users\/2"}],"replies":[{"embeddable":true,"href":"https:\/\/www.europesays.com\/de\/wp-json\/wp\/v2\/comments?post=502687"}],"version-history":[{"count":0,"href":"https:\/\/www.europesays.com\/de\/wp-json\/wp\/v2\/posts\/502687\/revisions"}],"wp:featuredmedia":[{"embeddable":true,"href":"https:\/\/www.europesays.com\/de\/wp-json\/wp\/v2\/media\/502688"}],"wp:attachment":[{"href":"https:\/\/www.europesays.com\/de\/wp-json\/wp\/v2\/media?parent=502687"}],"wp:term":[{"taxonomy":"category","embeddable":true,"href":"https:\/\/www.europesays.com\/de\/wp-json\/wp\/v2\/categories?post=502687"},{"taxonomy":"post_tag","embeddable":true,"href":"https:\/\/www.europesays.com\/de\/wp-json\/wp\/v2\/tags?post=502687"}],"curies":[{"name":"wp","href":"https:\/\/api.w.org\/{rel}","templated":true}]}}