{"id":502704,"date":"2025-10-16T08:08:19","date_gmt":"2025-10-16T08:08:19","guid":{"rendered":"https:\/\/www.europesays.com\/de\/502704\/"},"modified":"2025-10-16T08:08:19","modified_gmt":"2025-10-16T08:08:19","slug":"ukraine-ticker-eu-sagt-selenskyj-mehr-ruestungshilfen-zu","status":"publish","type":"post","link":"https:\/\/www.europesays.com\/de\/502704\/","title":{"rendered":"Ukraine-Ticker: EU sagt Selenskyj mehr R\u00fcstungshilfen zu"},"content":{"rendered":"<p>09.55 Uhr: Deutschland will Putins &#8222;Offensive der Verunsicherung&#8220; ab<\/p>\n<p>Deutschland wird nach Angaben von Kanzler&#13; Friedrich Merz (CDU) die &#8222;Offensive der Verunsicherung&#8220; abwehren, die&#13; Russlands Pr\u00e4sident Wladimir Putin gestartet habe. Dieser habe&#13; sich verkalkuliert, sagte Merz in seiner Regierungserkl\u00e4rung im&#13; Bundestag. &#8222;Wir lassen uns nicht ver\u00e4ngstigen (&#8230;). Wir werden uns&#13; dagegen wehren.&#8220; Der neue Nationale Sicherheitsrat erarbeite&#13; derzeit einen umfassenden Aktionsplan zur Abwehr hybrider&#13; Gefahren, den er in seiner konstituierenden Sitzung in wenigen&#13; Tagen beraten werde. Dies sei eine gesamtstaatliche,&#13; ressort\u00fcbergreifende Aufgabe.&#13;<\/p>\n<p>09.05 Uhr: Ukraine meldet erneuten massiven&#13; russischen Luftangriff<\/p>\n<p>Russland habe in der Nacht mit mehr als&#13; 300 Drohnen und 37 Raketen angegriffen, teilte Pr\u00e4sident&#13; Wolodymyr Selenskyj mit. &#8222;Die Russen nutzen in diesem Herbst&#13; jeden einzelnen Tag, um unsere Energie-Infrastruktur&#13; anzugreifen&#8220;, schreibt Selenskyj auf der Online-Plattform X. Mit&#13; Beginn der kalten Jahreszeit hat Russland seine Angriffe auf die&#13; ukrainische Energieversorgung wie in den vorherigen Kriegsjahren&#13; wieder verst\u00e4rkt.<\/p>\n<p>07.59 Uhr: Russischer Angriff auf Gasanlagen in Region Poltawa<\/p>\n<p>Ein russischer Angriff hat in der Nacht den&#13; Betrieb von Gasproduktionsanlagen des ukrainischen&#13; Energieversorgers DTEK in der zentralen Region Poltawa&#13; lahmgelegt. Dies teilt das Unternehmen auf dem&#13; Kurznachrichtendienst Telegram mit. Russland habe die&#13; Energie-Infrastruktur mit Drohnen und Raketen attackiert. &#13;<\/p>\n<p>&#13;05.15 Uhr: Selenskyj erh\u00e4lt neue R\u00fcstungszusagen von der EU<\/p>\n<p>Kurz vor seinem Treffen mit US-Pr\u00e4sident Donald Trump in Washington erh\u00e4lt der ukrainische Pr\u00e4sident Wolodymyr Selenskyj Zusagen von europ\u00e4ischen Verb\u00fcndeten f\u00fcr noch mehr R\u00fcstungshilfe. Das k\u00fcndigten Bundesverteidigungsminister Boris Pistorius und sein britischer Kollege John Healey beim Treffen der Ressortchefs der Nato-Staaten in Br\u00fcssel an. <\/p>\n<p>Morgen will Selenskyj im Wei\u00dfen Haus von Trump die Freigabe f\u00fcr den Verkauf von Tomahawk-Marschflugk\u00f6rpern an sein Land bekommen, die eine Reichweite von rund 2.500 Kilometern haben. Finanziert werden k\u00f6nnte der Deal durch Nato-Partner. Der Kreml warnte die US-Regierung nachdr\u00fccklich vor einer solchen Lieferung. Russlands Ex-Pr\u00e4sident und Sicherheitsrats-Vizechef Dmitri Medwedew deutete gar eine m\u00f6gliche Gegenreaktion mit Atomwaffen an.\u00a0<\/p>\n<p>04.51 Uhr: USA fordern von Japan Stopp russischer Energieimporte<\/p>\n<p>Die USA haben Japan aufgefordert, seine Importe russischer Energie vollst\u00e4ndig einzustellen. Dies teilte US-Finanzminister Scott Bessent gestern nach einem Treffen mit seinem japanischen Kollegen Katsunobu Kato auf der Online-Plattform X mit. &#8222;Minister Kato und ich haben auch wichtige Fragen der Wirtschaftsbeziehungen zwischen den USA und Japan und die Erwartung der Regierung besprochen, dass Japan die Einfuhr russischer Energie einstellt.&#8220; Bessent und Kato haben sich am Rande der Jahrestagung des Internationalen W\u00e4hrungsfonds sowie der Treffen der G7- und G20-Finanzminister in Washington getroffen.<\/p>\n<p>02.41 Uhr: IAEA-Chef Grossi &#8211; Reparaturen an AKW Saporischschja sollen bald beginnen<\/p>\n<p>Die Reparaturen an dem seit mehreren Wochen vom Stromnetz getrennten ukrainischen Atomkraftwerk Saporischschja sollen der Internationalen Atomenergiebeh\u00f6rde (IAEA) zufolge demn\u00e4chst beginnen. &#8222;Ich beratschlage weiterhin mit Russland und der Ukraine, damit diese Arbeiten in den n\u00e4chsten Tagen anfangen k\u00f6nnen&#8220;, erkl\u00e4rte IAEA-Chef Rafael Grossi gestern. &#8222;An beiden Seiten der Frontlinie, mehrere Kilometer von der Anlage entfernt, werden Reparaturen an Stromleitungen ben\u00f6tigt&#8220;. Derzeit halten das von russischen Truppen besetzte AKW Diesel-Generatoren am laufen. <\/p>\n","protected":false},"excerpt":{"rendered":"09.55 Uhr: Deutschland will Putins &#8222;Offensive der Verunsicherung&#8220; ab Deutschland wird nach Angaben von Kanzler&#13; Friedrich Merz (CDU)&hellip;\n","protected":false},"author":2,"featured_media":502705,"comment_status":"","ping_status":"","sticky":false,"template":"","format":"standard","meta":{"footnotes":""},"categories":[3],"tags":[13,14,15,307,4030,12,10,8,9,11,317,103,306,107,104],"class_list":{"0":"post-502704","1":"post","2":"type-post","3":"status-publish","4":"format-standard","5":"has-post-thumbnail","7":"category-welt","8":"tag-headlines","9":"tag-nachrichten","10":"tag-news","11":"tag-russland","12":"tag-russland-ukraine-krieg","13":"tag-schlagzeilen","14":"tag-top-news","15":"tag-top-meldungen","16":"tag-topmeldungen","17":"tag-topnews","18":"tag-ukraine","19":"tag-welt","20":"tag-wladimir-putin","21":"tag-wolodymyr-selenskyj","22":"tag-world"},"share_on_mastodon":{"url":"https:\/\/pubeurope.com\/@de\/115382826094503812","error":""},"_links":{"self":[{"href":"https:\/\/www.europesays.com\/de\/wp-json\/wp\/v2\/posts\/502704","targetHints":{"allow":["GET"]}}],"collection":[{"href":"https:\/\/www.europesays.com\/de\/wp-json\/wp\/v2\/posts"}],"about":[{"href":"https:\/\/www.europesays.com\/de\/wp-json\/wp\/v2\/types\/post"}],"author":[{"embeddable":true,"href":"https:\/\/www.europesays.com\/de\/wp-json\/wp\/v2\/users\/2"}],"replies":[{"embeddable":true,"href":"https:\/\/www.europesays.com\/de\/wp-json\/wp\/v2\/comments?post=502704"}],"version-history":[{"count":0,"href":"https:\/\/www.europesays.com\/de\/wp-json\/wp\/v2\/posts\/502704\/revisions"}],"wp:featuredmedia":[{"embeddable":true,"href":"https:\/\/www.europesays.com\/de\/wp-json\/wp\/v2\/media\/502705"}],"wp:attachment":[{"href":"https:\/\/www.europesays.com\/de\/wp-json\/wp\/v2\/media?parent=502704"}],"wp:term":[{"taxonomy":"category","embeddable":true,"href":"https:\/\/www.europesays.com\/de\/wp-json\/wp\/v2\/categories?post=502704"},{"taxonomy":"post_tag","embeddable":true,"href":"https:\/\/www.europesays.com\/de\/wp-json\/wp\/v2\/tags?post=502704"}],"curies":[{"name":"wp","href":"https:\/\/api.w.org\/{rel}","templated":true}]}}