{"id":502706,"date":"2025-10-16T08:09:13","date_gmt":"2025-10-16T08:09:13","guid":{"rendered":"https:\/\/www.europesays.com\/de\/502706\/"},"modified":"2025-10-16T08:09:13","modified_gmt":"2025-10-16T08:09:13","slug":"adac-warnt-neue-spritpreisregel-koennte-tanken-teurer-machen","status":"publish","type":"post","link":"https:\/\/www.europesays.com\/de\/502706\/","title":{"rendered":"ADAC warnt: Neue Spritpreisregel k\u00f6nnte Tanken teurer machen"},"content":{"rendered":"<p>            <img loading=\"lazy\" decoding=\"async\" class=\"ts-image\" src=\"https:\/\/www.europesays.com\/de\/wp-content\/uploads\/2025\/10\/benzinpreis-124.jpg\" alt=\"Kraftstoffpreise werden an einer Tankstelle angezeigt.\" title=\"Kraftstoffpreise werden an einer Tankstelle angezeigt. | picture alliance \/ M.i.S.\"\/><\/p>\n<p class=\"metatextline\">Stand: 16.10.2025 09:26 Uhr<\/p>\n<p class=\"textabsatz columns twelve  m-ten  m-offset-one l-eight l-offset-two\">\n        <strong>Der ADAC r\u00e4t von einer neuen Regulierung der Spritpreise ab: Wenn Tankstellen die Preise nur noch einmal am Tag erh\u00f6hen d\u00fcrften, k\u00f6nnten Autofahrer das Nachsehen haben. <\/strong>\n    <\/p>\n<p class=\"textabsatz m-ten m-offset-one l-eight l-offset-two columns twelve\">Der ADAC warnt, die <a href=\"https:\/\/www.tagesschau.de\/wirtschaft\/benzin-tankstellen-preise-preisbremse-100.html\" title=\"Preise an der Zapfs\u00e4ule sollen nicht mehr so oft steigen \" rel=\"nofollow noopener\" target=\"_blank\">von Baden-W\u00fcrttemberg angeregte Spritpreisregel<\/a> f\u00fcr Autofahrer k\u00f6nnte nach hinten losgehen und ihr Ziel verfehlen. Das Land will am Freitag einen Vorschlag einbringen, in dem die Bundesregierung zur Einf\u00fchrung einer Preisbremse nach \u00f6sterreichischem Vorbild aufgefordert wird. Die Preise an den Tankstellen d\u00fcrften dann nur noch einmal t\u00e4glich erh\u00f6ht &#8211; aber beliebig oft gesenkt werden.<\/p>\n<p>    Spritpreise k\u00f6nnten st\u00e4rker steigen<\/p>\n<p class=\"textabsatz m-ten m-offset-one l-eight l-offset-two columns twelve\">Der Kraftstoffmarktexperte des ADAC, Christian Laberer, r\u00e4t von dieser Regel jedoch deutlich ab &#8211; sie k\u00f6nnte Sprit f\u00fcr die Verbraucher n\u00e4mlich teurer machen. &#8222;Wenn die Konzerne nur einmal am Tag die Preise anheben d\u00fcrfen, besteht die Gefahr, dass die Erh\u00f6hung von vorneherein st\u00e4rker ausf\u00e4llt als in einem flexiblen Modell wie bei uns&#8220;, sagt er.<\/p>\n<p class=\"textabsatz m-ten m-offset-one l-eight l-offset-two columns twelve\">Der Gedanke dahinter: Wer sp\u00e4ter nicht mehr erh\u00f6hen kann, geht im Zweifelsfall direkt weiter nach oben. Das k\u00f6nne durchaus dazu f\u00fchren, dass die Tagesdurchschnittspreise durch eine solche Regulierung steigen, betont Laberer. &#8222;Das w\u00e4re aus Verbrauchersicht kontraproduktiv.&#8220;<\/p>\n<p>    G\u00fcnstiger Tanken in \u00d6sterreich?<\/p>\n<p class=\"textabsatz m-ten m-offset-one l-eight l-offset-two columns twelve\">Wer mit dem deutschen System g\u00fcnstiger tanken will, braucht sich nach Meinung des Experten nur an die &#8222;seit Jahren geltende Faustregel&#8220; zu halten: &#8222;Tanke abends, meide den teuren Morgen.&#8220;<\/p>\n<p class=\"textabsatz m-ten m-offset-one l-eight l-offset-two columns twelve\">In \u00d6sterreich darf dagegen nur einmal am Tag um 12 Uhr mittags erh\u00f6ht werden. Der g\u00fcnstigste Tankzeitpunkt ist daher in der Regel kurz davor. &#8222;Und dann zu tanken ist f\u00fcr die meisten Arbeitnehmer unpraktisch&#8220;, gibt der ADAC-Experte zu bedenken.<\/p>\n<p class=\"textabsatz m-ten m-offset-one l-eight l-offset-two columns twelve\">Doch warum sind die Spritpreise in \u00d6sterreich dann trotzdem in der Regel niedriger als in Deutschland? Das habe mit der Beschr\u00e4nkung auf eine Erh\u00f6hung am Tag aber nichts zu tun, betont Laberer: &#8222;Das liegt an den dort niedrigeren Steuern auf Kraftstoffe.&#8220;<\/p>\n<p>    Tankstellenverband w\u00fcrde neue Regel begr\u00fc\u00dfen<\/p>\n<p class=\"textabsatz m-ten m-offset-one l-eight l-offset-two columns twelve\">Hintergrund des baden-w\u00fcrttembergischen Vorschlags ist ein Bericht des Bundeskartellamts, wonach die Preise um die 20-mal pro Tag und Tankstelle angepasst werden. Typischerweise folgt auf eine hohe Spitze im morgendlichen Berufsverkehr eine wellenf\u00f6rmige Abw\u00e4rtsbewegung bis zum Tief am Abend.<\/p>\n<p class=\"textabsatz m-ten m-offset-one l-eight l-offset-two columns twelve\">Aus Kreisen des Bundesrates hie\u00df es, da man sich bereits 2012 f\u00fcr ein solches Vorgehen ausgesprochen habe, werde die L\u00e4nderkammer voraussichtlich auch diesmal zustimmen.<\/p>\n<p class=\"textabsatz m-ten m-offset-one l-eight l-offset-two columns twelve\">Der Tankstellen-Interessenverband hat den Vorsto\u00df bereits begr\u00fc\u00dft. &#8222;Wir finden das richtig und gut&#8220;, sagte Sprecher Herbert Rabl der Rheinischen Post. Die Tankstellenbetreiber w\u00fcrden sich oft selbst wundern, wenn Sprit ad hoc teurer werde. Viele Tankstellen m\u00fcssten die Preispolitik der Mineral\u00f6lkonzerne ausbaden, weil sich frustrierte Kunden beschwerten. &#8222;Deshalb begr\u00fc\u00dfen wir das als Beruhigung und Stabilisierung f\u00fcr den Verbraucher&#8220;, sagte Rabl.<\/p>\n","protected":false},"excerpt":{"rendered":"Stand: 16.10.2025 09:26 Uhr Der ADAC r\u00e4t von einer neuen Regulierung der Spritpreise ab: Wenn Tankstellen die Preise&hellip;\n","protected":false},"author":2,"featured_media":502707,"comment_status":"","ping_status":"","sticky":false,"template":"","format":"standard","meta":{"footnotes":""},"categories":[2],"tags":[4074,6175,1512,29,1513,30,13,14,15,12,1514,10934,10,8,9,11],"class_list":{"0":"post-502706","1":"post","2":"type-post","3":"status-publish","4":"format-standard","5":"has-post-thumbnail","7":"category-deutschland","8":"tag-adac","9":"tag-autofahrer","10":"tag-benzin","11":"tag-deutschland","12":"tag-diesel","13":"tag-germany","14":"tag-headlines","15":"tag-nachrichten","16":"tag-news","17":"tag-schlagzeilen","18":"tag-spritpreise","19":"tag-tankstelle","20":"tag-top-news","21":"tag-top-meldungen","22":"tag-topmeldungen","23":"tag-topnews"},"share_on_mastodon":{"url":"https:\/\/pubeurope.com\/@de\/115382830741356887","error":""},"_links":{"self":[{"href":"https:\/\/www.europesays.com\/de\/wp-json\/wp\/v2\/posts\/502706","targetHints":{"allow":["GET"]}}],"collection":[{"href":"https:\/\/www.europesays.com\/de\/wp-json\/wp\/v2\/posts"}],"about":[{"href":"https:\/\/www.europesays.com\/de\/wp-json\/wp\/v2\/types\/post"}],"author":[{"embeddable":true,"href":"https:\/\/www.europesays.com\/de\/wp-json\/wp\/v2\/users\/2"}],"replies":[{"embeddable":true,"href":"https:\/\/www.europesays.com\/de\/wp-json\/wp\/v2\/comments?post=502706"}],"version-history":[{"count":0,"href":"https:\/\/www.europesays.com\/de\/wp-json\/wp\/v2\/posts\/502706\/revisions"}],"wp:featuredmedia":[{"embeddable":true,"href":"https:\/\/www.europesays.com\/de\/wp-json\/wp\/v2\/media\/502707"}],"wp:attachment":[{"href":"https:\/\/www.europesays.com\/de\/wp-json\/wp\/v2\/media?parent=502706"}],"wp:term":[{"taxonomy":"category","embeddable":true,"href":"https:\/\/www.europesays.com\/de\/wp-json\/wp\/v2\/categories?post=502706"},{"taxonomy":"post_tag","embeddable":true,"href":"https:\/\/www.europesays.com\/de\/wp-json\/wp\/v2\/tags?post=502706"}],"curies":[{"name":"wp","href":"https:\/\/api.w.org\/{rel}","templated":true}]}}