{"id":502712,"date":"2025-10-16T08:12:18","date_gmt":"2025-10-16T08:12:18","guid":{"rendered":"https:\/\/www.europesays.com\/de\/502712\/"},"modified":"2025-10-16T08:12:18","modified_gmt":"2025-10-16T08:12:18","slug":"neue-verbindung-nach-podgorica-angekuendigt","status":"publish","type":"post","link":"https:\/\/www.europesays.com\/de\/502712\/","title":{"rendered":"Neue Verbindung nach Podgorica angek\u00fcndigt"},"content":{"rendered":"<p>Flughafen Maastricht\/Aachen <\/p>\n<p>Neue Verbindung in beliebtes Balkan-Ziel angek\u00fcndigt<\/p>\n<p>16.10.2025 &#8211; 09:52 UhrLesedauer: 1 Min.<\/p>\n<p><a href=\"#focus-0\" class=\"transition-colors duration-200 block text-current relative\" data-sctrack=\"FocusGalleryImage.Reference\"><img fetchpriority=\"high\" data-testid=\"Opener.Image\" style=\"--lqipURL:url('https:\/\/images.t-online.de\/2025\/10\/yZUujInX7jO8\/0x327:4000x2250\/fit-in\/150x0\/filters:blur(25)\/podgorica-von-oben-archivbild-mittig-sieht-man-die-kathedrale-der-auferstehung-eine-sehenswuerdigkeit-der-stadt.jpg')\"   loading=\"eager\" src=\"https:\/\/www.europesays.com\/de\/wp-content\/uploads\/2025\/10\/podgorica-von-oben-archivbild-mittig-sieht-man-die-kathedrale-der-auferstehung-eine-sehenswuerdigkei.jpeg\" alt=\"Cathedral of the Resurrection of Christ in Podgorica. Montenegro\" title=\"Cathedral of the Resurrection of Christ in Podgorica. Montenegro\" width=\"4000\" height=\"2250\" class=\"bg-[url:var(--lqipURL)] bg-cover bg-center flex h-full w-full max-w-full\" decoding=\"async\"\/><img style=\"--width:32;--height:32\" loading=\"lazy\" src=\"https:\/\/www.t-online.de\/s\/paper\/_next\/static\/media\/zoom-in.f7dae02f.svg\" alt=\"Vergr\u00f6\u00dfern des Bildes\" title=\"Vergr\u00f6\u00dfern des Bildes\" class=\"block h-[calc(var(--height)_\/_16_*_1rem)] w-[calc(var(--width)_\/_16_*_1rem)] max-w-none absolute bottom-8 right-8 rounded-4 bg-snow p-8\" decoding=\"async\"\/><\/a><\/p>\n<p>Podgorica von oben (Archivbild): Mittig sieht man die &#8222;Kathedrale der Auferstehung&#8220;, ein Wahrzeichen der Stadt. (Quelle: xSTatyanax via imago-images.de)<\/p>\n<p class=\"font-bold text-18 leading-17\">Ab M\u00e4rz 2026 verbindet Wizz Air den Flughafen Maastricht\/Aachen mit der Hauptstadt Montenegros. Die Airline baut damit ihr Streckennetz weiter aus.<\/p>\n<p class=\"text-18 leading-17\"><a class=\"transition-colors duration-200 cursor-pointer text-inherit no-underline text-salemsfur md:hover:text-magenta md:hover:border-magenta md:focus:text-magenta border-current border-b border-solid break-words\" href=\"https:\/\/www.t-online.de\/themen\/wizz-air\/\" data-sctrack=\"BodyAnchor\" target=\"_blank\" rel=\"noopener\">Wizz Air<\/a> hat eine neue Verbindung vom <a class=\"transition-colors duration-200 cursor-pointer text-inherit no-underline text-salemsfur md:hover:text-magenta md:hover:border-magenta md:focus:text-magenta border-current border-b border-solid break-words\" href=\"https:\/\/www.t-online.de\/themen\/flughafen\/\" data-sctrack=\"BodyAnchor\" target=\"_blank\" rel=\"noopener\">Flughafen<\/a> Maastricht\/Aachen nach Podgorica angek\u00fcndigt. Ab dem 31. M\u00e4rz 2026 startet die ungarische Airline dreimal pro Woche in die Hauptstadt Montenegros. Die Strecke erg\u00e4nzt das bestehende Angebot nach Osteuropa und S\u00fcdosteuropa.<\/p>\n<p class=\"text-18 leading-17\">Mit dem Sommerflugplan 2026 erh\u00f6ht sich die Zahl der Wizz-Air-Ziele ab Maastricht\/Aachen auf sechs. Neben Podgorica werden dann auch Chisinau in Moldawien, Bukarest in <a class=\"transition-colors duration-200 cursor-pointer text-inherit no-underline text-salemsfur md:hover:text-magenta md:hover:border-magenta md:focus:text-magenta border-current border-b border-solid break-words\" href=\"https:\/\/www.t-online.de\/themen\/rumaenien\/\" data-sctrack=\"BodyAnchor\" target=\"_blank\" rel=\"noopener\">Rum\u00e4nien<\/a>, Kattowitz und Lublin in <a class=\"transition-colors duration-200 cursor-pointer text-inherit no-underline text-salemsfur md:hover:text-magenta md:hover:border-magenta md:focus:text-magenta border-current border-b border-solid break-words\" href=\"https:\/\/www.t-online.de\/themen\/polen\/\" data-sctrack=\"BodyAnchor\" target=\"_blank\" rel=\"noopener\">Polen<\/a> sowie Tuzla in Bosnien angeflogen. Insgesamt sind 16 Fl\u00fcge pro Woche geplant.<\/p>\n<p class=\"text-18 leading-17\">Dean Boljuncic, Leiter der kommerziellen Entwicklung am Maastricht\/Aachen Airport, erkl\u00e4rte, die neue Route st\u00e4rke die Anbindung an S\u00fcdosteuropa und biete sowohl Touristen als auch Reisenden, die Familie und Freunde besuchen, mehr Auswahl.<\/p>\n<p class=\"text-18 leading-17\">Podgorica liegt im Zentrum Montenegros und ist ein idealer Ausgangspunkt, um das Land zu erkunden. Besucher finden dort historische Orte wie die &#8222;Kathedrale der Auferstehung&#8220;, den Uhrturm im Stadtteil Stara Varo\u0161 und die antiken Ruinen von Doclea. Auch die Adriak\u00fcste mit St\u00e4dten wie Budva und Kotor sowie das Naturschutzgebiet rund um den Skutarisee sind von der Hauptstadt aus in kurzer Zeit erreichbar. Das Land ist besonders f\u00fcr Wanderer ein beliebtes Ziel.<\/p>\n","protected":false},"excerpt":{"rendered":"Flughafen Maastricht\/Aachen Neue Verbindung in beliebtes Balkan-Ziel angek\u00fcndigt 16.10.2025 &#8211; 09:52 UhrLesedauer: 1 Min. Podgorica von oben (Archivbild):&hellip;\n","protected":false},"author":2,"featured_media":502713,"comment_status":"","ping_status":"","sticky":false,"template":"","format":"standard","meta":{"footnotes":""},"categories":[1853],"tags":[8654,1424,3091,39629,849,3364,29,548,663,3934,2109,30,13,54076,39260,14,15,1209,9827,125742,12024,12,7245,93241,33590],"class_list":{"0":"post-502712","1":"post","2":"type-post","3":"status-publish","4":"format-standard","5":"has-post-thumbnail","7":"category-aachen","8":"tag-moldawien","9":"tag-aachen","10":"tag-airline","11":"tag-bukarest","12":"tag-chisinau","13":"tag-de","14":"tag-deutschland","15":"tag-eu","16":"tag-europa","17":"tag-europe","18":"tag-flughafen","19":"tag-germany","20":"tag-headlines","21":"tag-maastricht","22":"tag-montenegro","23":"tag-nachrichten","24":"tag-news","25":"tag-nordrhein-westfalen","26":"tag-osteuropa","27":"tag-podgorica","28":"tag-rumaenien","29":"tag-schlagzeilen","30":"tag-streckennetz","31":"tag-suedosteuropa","32":"tag-wizz-air"},"share_on_mastodon":{"url":"https:\/\/pubeurope.com\/@de\/115382842344333383","error":""},"_links":{"self":[{"href":"https:\/\/www.europesays.com\/de\/wp-json\/wp\/v2\/posts\/502712","targetHints":{"allow":["GET"]}}],"collection":[{"href":"https:\/\/www.europesays.com\/de\/wp-json\/wp\/v2\/posts"}],"about":[{"href":"https:\/\/www.europesays.com\/de\/wp-json\/wp\/v2\/types\/post"}],"author":[{"embeddable":true,"href":"https:\/\/www.europesays.com\/de\/wp-json\/wp\/v2\/users\/2"}],"replies":[{"embeddable":true,"href":"https:\/\/www.europesays.com\/de\/wp-json\/wp\/v2\/comments?post=502712"}],"version-history":[{"count":0,"href":"https:\/\/www.europesays.com\/de\/wp-json\/wp\/v2\/posts\/502712\/revisions"}],"wp:featuredmedia":[{"embeddable":true,"href":"https:\/\/www.europesays.com\/de\/wp-json\/wp\/v2\/media\/502713"}],"wp:attachment":[{"href":"https:\/\/www.europesays.com\/de\/wp-json\/wp\/v2\/media?parent=502712"}],"wp:term":[{"taxonomy":"category","embeddable":true,"href":"https:\/\/www.europesays.com\/de\/wp-json\/wp\/v2\/categories?post=502712"},{"taxonomy":"post_tag","embeddable":true,"href":"https:\/\/www.europesays.com\/de\/wp-json\/wp\/v2\/tags?post=502712"}],"curies":[{"name":"wp","href":"https:\/\/api.w.org\/{rel}","templated":true}]}}