{"id":502720,"date":"2025-10-16T08:16:16","date_gmt":"2025-10-16T08:16:16","guid":{"rendered":"https:\/\/www.europesays.com\/de\/502720\/"},"modified":"2025-10-16T08:16:16","modified_gmt":"2025-10-16T08:16:16","slug":"die-neue-faellliste-der-mags-und-welche-baeume-darauf-stehen","status":"publish","type":"post","link":"https:\/\/www.europesays.com\/de\/502720\/","title":{"rendered":"Die neue F\u00e4llliste der Mags und welche B\u00e4ume darauf stehen"},"content":{"rendered":"<p class=\"text_ohne_einzug richtext text-em-55 !leading-serif mx-6 desktop:mx-0\">Die gro\u00dfe hoch aufragende Blutbuche auf dem Gr\u00fcn vor einem von M\u00f6nchengladbachs Wahrzeichen, der Kaiser-Friedrich-Halle, ist verschwunden. Man habe sie leider nicht erhalten k\u00f6nnen, hei\u00dft es auf Anfrage von der f\u00fcr Gr\u00fcnfl\u00e4chen zust\u00e4ndigen Stadttochter Mags. Der 80 bis 100 Jahre alte Baum sei zu krank gewesen und musste letztlich ganz gef\u00e4llt werden. Nach Angaben der Abteilung Baum war die Blutbuche von einem Riesenporling befallen. Dieser Pilz kann Experten zufolge daf\u00fcr sorgen, dass von ihm befallene alte Buchen aufgrund des Stabilit\u00e4tsverlustes des Stammes mit voll begr\u00fcnter Baumkrone unvermittelt zusammenbrechen. \u201eSeine Standfestigkeit wurde mittels eines Zugversuchs \u00fcberpr\u00fcft und war kritisch\u201c, berichtet eine Mags-Sprecherin. Zun\u00e4chst sei versucht worden, ihn stark einzuk\u00fcrzen. Die Hoffnung sei gewesen, ihn so eventuell doch erhalten zu k\u00f6nnen. \u201eBei diesen Arbeiten fielen allerdings weitere Defizite auf, sodass der Baum doch aus Gr\u00fcnden der Verkehrssicherungspflicht gef\u00e4llt werden musste\u201c, erkl\u00e4rt die Sprecherin.<\/p>\n","protected":false},"excerpt":{"rendered":"Die gro\u00dfe hoch aufragende Blutbuche auf dem Gr\u00fcn vor einem von M\u00f6nchengladbachs Wahrzeichen, der Kaiser-Friedrich-Halle, ist verschwunden. Man&hellip;\n","protected":false},"author":2,"featured_media":502721,"comment_status":"","ping_status":"","sticky":false,"template":"","format":"standard","meta":{"footnotes":""},"categories":[1849],"tags":[9180,3364,29,548,663,3934,125744,27577,30,4062,3601,13,9747,4455,14,15,1209,1802,12],"class_list":{"0":"post-502720","1":"post","2":"type-post","3":"status-publish","4":"format-standard","5":"has-post-thumbnail","7":"category-moenchengladbach","8":"tag-baeume","9":"tag-de","10":"tag-deutschland","11":"tag-eu","12":"tag-europa","13":"tag-europe","14":"tag-faelliste","15":"tag-friedrich","16":"tag-germany","17":"tag-halle","18":"tag-hauptbahnhof","19":"tag-headlines","20":"tag-kaiser","21":"tag-moenchengladbach","22":"tag-nachrichten","23":"tag-news","24":"tag-nordrhein-westfalen","25":"tag-prominente","26":"tag-schlagzeilen"},"share_on_mastodon":{"url":"https:\/\/pubeurope.com\/@de\/115382857510218573","error":""},"_links":{"self":[{"href":"https:\/\/www.europesays.com\/de\/wp-json\/wp\/v2\/posts\/502720","targetHints":{"allow":["GET"]}}],"collection":[{"href":"https:\/\/www.europesays.com\/de\/wp-json\/wp\/v2\/posts"}],"about":[{"href":"https:\/\/www.europesays.com\/de\/wp-json\/wp\/v2\/types\/post"}],"author":[{"embeddable":true,"href":"https:\/\/www.europesays.com\/de\/wp-json\/wp\/v2\/users\/2"}],"replies":[{"embeddable":true,"href":"https:\/\/www.europesays.com\/de\/wp-json\/wp\/v2\/comments?post=502720"}],"version-history":[{"count":0,"href":"https:\/\/www.europesays.com\/de\/wp-json\/wp\/v2\/posts\/502720\/revisions"}],"wp:featuredmedia":[{"embeddable":true,"href":"https:\/\/www.europesays.com\/de\/wp-json\/wp\/v2\/media\/502721"}],"wp:attachment":[{"href":"https:\/\/www.europesays.com\/de\/wp-json\/wp\/v2\/media?parent=502720"}],"wp:term":[{"taxonomy":"category","embeddable":true,"href":"https:\/\/www.europesays.com\/de\/wp-json\/wp\/v2\/categories?post=502720"},{"taxonomy":"post_tag","embeddable":true,"href":"https:\/\/www.europesays.com\/de\/wp-json\/wp\/v2\/tags?post=502720"}],"curies":[{"name":"wp","href":"https:\/\/api.w.org\/{rel}","templated":true}]}}