{"id":502734,"date":"2025-10-16T08:23:11","date_gmt":"2025-10-16T08:23:11","guid":{"rendered":"https:\/\/www.europesays.com\/de\/502734\/"},"modified":"2025-10-16T08:23:11","modified_gmt":"2025-10-16T08:23:11","slug":"ostbevern-mini-bagger-und-tieflader-gestohlen","status":"publish","type":"post","link":"https:\/\/www.europesays.com\/de\/502734\/","title":{"rendered":"Ostbevern. Mini-Bagger und Tieflader gestohlen"},"content":{"rendered":"<p>Unbekannte Personen stahlen in der Nacht zu Mittwoch, 15.10.2025 in Ostbevern, Westbeverner Stra\u00dfe einen Tieflader, auf dem sich ein Mini-Bagger befand. Das Fahrzeug stand auf einem verschlossenen Betriebsgel\u00e4nde unter einem  Carport. Der oder die T\u00e4ter brachen ein Tor zu einem benachbarten Grundst\u00fcck auf und gelangten so auf das Betriebsgel\u00e4nde. Wer hat das Fahrzeug mit dem amtlichen Kennzeichen WAF-OS 927 gesehen? Wer kann Angaben zu dem Diebstahl machen? Hinweise nimmt die Polizei in Warendorf, Telefon 02581\/94100-0 oder per E-Mail: poststelle.warendorf@polizei.nrw.de entgegen.<\/p>\n<p>R\u00fcckfragen zur Pressemitteilung bitte an:<\/p>\n<p>Polizei Warendorf Pressestelle Telefon: 02581\/600-230 Fax: 02581\/600-129 E-Mail: pressestelle.warendorf@polizei.nrw.de <a href=\"https:\/\/warendorf.polizei.nrw\/\" target=\"_blank\" rel=\"noreferrer noopener\">warendorf.polizei.nrw<\/a><\/p>\n<p>Au\u00dferhalb der B\u00fcrozeiten: Polizei Warendorf Leitstelle Tel.: 02581\/600-230 Fax: 02581\/600-249 Email: poststelle.warendorf@polizei.nrw.de <a href=\"https:\/\/warendorf.polizei.nrw\/\" target=\"_blank\" rel=\"noreferrer noopener\">warendorf.polizei.nrw<\/a><\/p>\n<p> Original-Content von: Polizei Warendorf, \u00fcbermittelt durch news aktuell<\/p>\n","protected":false},"excerpt":{"rendered":"Unbekannte Personen stahlen in der Nacht zu Mittwoch, 15.10.2025 in Ostbevern, Westbeverner Stra\u00dfe einen Tieflader, auf dem sich&hellip;\n","protected":false},"author":2,"featured_media":392469,"comment_status":"","ping_status":"","sticky":false,"template":"","format":"standard","meta":{"footnotes":""},"categories":[1843],"tags":[3364,29,30,8970,1209,12925],"class_list":{"0":"post-502734","1":"post","2":"type-post","3":"status-publish","4":"format-standard","5":"has-post-thumbnail","7":"category-muenster","8":"tag-de","9":"tag-deutschland","10":"tag-germany","11":"tag-muenster","12":"tag-nordrhein-westfalen","13":"tag-polizeimeldungen"},"share_on_mastodon":{"url":"https:\/\/pubeurope.com\/@de\/115382884990564153","error":""},"_links":{"self":[{"href":"https:\/\/www.europesays.com\/de\/wp-json\/wp\/v2\/posts\/502734","targetHints":{"allow":["GET"]}}],"collection":[{"href":"https:\/\/www.europesays.com\/de\/wp-json\/wp\/v2\/posts"}],"about":[{"href":"https:\/\/www.europesays.com\/de\/wp-json\/wp\/v2\/types\/post"}],"author":[{"embeddable":true,"href":"https:\/\/www.europesays.com\/de\/wp-json\/wp\/v2\/users\/2"}],"replies":[{"embeddable":true,"href":"https:\/\/www.europesays.com\/de\/wp-json\/wp\/v2\/comments?post=502734"}],"version-history":[{"count":0,"href":"https:\/\/www.europesays.com\/de\/wp-json\/wp\/v2\/posts\/502734\/revisions"}],"wp:featuredmedia":[{"embeddable":true,"href":"https:\/\/www.europesays.com\/de\/wp-json\/wp\/v2\/media\/392469"}],"wp:attachment":[{"href":"https:\/\/www.europesays.com\/de\/wp-json\/wp\/v2\/media?parent=502734"}],"wp:term":[{"taxonomy":"category","embeddable":true,"href":"https:\/\/www.europesays.com\/de\/wp-json\/wp\/v2\/categories?post=502734"},{"taxonomy":"post_tag","embeddable":true,"href":"https:\/\/www.europesays.com\/de\/wp-json\/wp\/v2\/tags?post=502734"}],"curies":[{"name":"wp","href":"https:\/\/api.w.org\/{rel}","templated":true}]}}