{"id":502735,"date":"2025-10-16T08:24:11","date_gmt":"2025-10-16T08:24:11","guid":{"rendered":"https:\/\/www.europesays.com\/de\/502735\/"},"modified":"2025-10-16T08:24:11","modified_gmt":"2025-10-16T08:24:11","slug":"dynamo-dresden-im-pech-stammkeeper-schreiber-fehlt-nicht-nur-in-muenster","status":"publish","type":"post","link":"https:\/\/www.europesays.com\/de\/502735\/","title":{"rendered":"Dynamo Dresden im Pech: Stammkeeper Schreiber fehlt nicht nur in M\u00fcnster"},"content":{"rendered":"<p>Schreiber f\u00e4llt mit Handverletzung aus<\/p>\n<p class=\"text\">\nDer Torh\u00fcter verletzte sich im Training an der Hand und wird am Samstag definitiv ausfallen. Wie schnell der geb\u00fcrtige Freitaler in den Kasten zur\u00fcckkehren kann, ist derzeit noch offen. &#8222;Es kann in beide Richtungen gehen&#8220;, sagte SGD-Trainer Thomas Stamm, der auch einen Ausfall bis zum Jahresende nicht ausschlie\u00dfen wollte. &#8222;Ich bin kein Arzt und kann keine Prognose abgeben.&#8220;\n<\/p>\n<p class=\"text\">\nF\u00fcr Schreiber d\u00fcrfte Lennart Grill zwischen die Pfosten r\u00fccken. Der 26-J\u00e4hrige sa\u00df bisher als Nummer 2 auf der Bank und hat laut Stamm &#8222;eine Nasenl\u00e4nge vorne&#8220;. Mit Daniel Mesenh\u00f6ler (30) hat Dynamo einen weiteren erfahrenen Torh\u00fcter im Kader. Stamm hat jedenfalls bei &#8222;beiden ein richtig gutes Gef\u00fchl&#8220;.\n<\/p>\n<p>Auch Pauli, Risch und Zickler nicht dabei<\/p>\n<p class=\"text\">\nNeben Schreiber fehlt auch Julian Pauli, der sich bei der deutschen U21-Nationalmannschaft eine Muskelverletzung zuzog. Auch Sascha Rich und Jakob Zickler fallen mit Schulterverletzungen weiter aus. &#8222;Verletzungen sind nie etwas Sch\u00f6nes. Wir hoffen, dass der Kader gro\u00df genug ist und wir nicht nur reagieren, sondern auch agieren k\u00f6nnen&#8220;, so Stamm, der nicht lamentieren wollte. &#8222;Klar w\u00fcnscht du dir einen maximal hohen Konkurrenzkampf, aber die Rahmenbedingungen sind gerade so, wie sie sind.&#8220;\n<\/p>\n<p class=\"text\">\nAuch Gegner M\u00fcnster ist nicht sorgenfrei. St\u00fcrmer Etienne Amenyido (drei Saisontreffer) wird mit Knieproblemen h\u00f6chstwahrscheinlich ausfallen. Auch die Au\u00dfenverteidiger Jano ter Horst (Infekt) und Luca Bolay (Adduktoren) sowie Mittelfeld-Abr\u00e4umer Rico Prei\u00dfinger (Knie-Probleme) standen in dieser Woche nicht voll im Trainingssaft.\n<\/p>\n<p>In M\u00fcnster z\u00fcndet Batista Meier<\/p>\n<p class=\"text\">\nDaf\u00fcr d\u00fcrfte Oliver Batista Meier besonders hei\u00df laufen. Der technisch versierte Mittelfeldmann scheint, nach drei vergeblichen Anl\u00e4ufen bei Dynamo, sein Gl\u00fcck nun unter Alexander Ende in M\u00fcnster gefunden zu haben. Er ist einer der Topscorer und in Topform. &#8222;Wir m\u00fcssen schauen, dass er den Ball nicht so oft am Fu\u00df hat&#8220;, flachste Stamm. Man kenne seine St\u00e4rken, aber am Ende des Tages brauche man eine gute Mannschaftsleistung, so Stamm, der den Fokus nicht nur auf den Ex-Dynamo, sondern auf das gesamte Team legen will.\n<\/p>\n<p class=\"text\">\nBatista Meier hatte bei Dynamo im letzten Winter um die Freigabe gebeten. &#8222;Er wollte sich aktiv ver\u00e4ndern und dann soll man Reisende, die nicht hier sein m\u00f6chten, nicht aufhalten&#8220;, so der Dynamo-Coach.<\/p>\n","protected":false},"excerpt":{"rendered":"Schreiber f\u00e4llt mit Handverletzung aus Der Torh\u00fcter verletzte sich im Training an der Hand und wird am Samstag&hellip;\n","protected":false},"author":2,"featured_media":502736,"comment_status":"","ping_status":"","sticky":false,"template":"","format":"standard","meta":{"footnotes":""},"categories":[1843],"tags":[621,71348,3364,29,347,30,81,8970,1209,16376,11759,5405,3499,265,3498,125132,11003],"class_list":{"0":"post-502735","1":"post","2":"type-post","3":"status-publish","4":"format-standard","5":"has-post-thumbnail","7":"category-muenster","8":"tag-2-bundesliga","9":"tag-9-spieltag","10":"tag-de","11":"tag-deutschland","12":"tag-fussball","13":"tag-germany","14":"tag-mdr","15":"tag-muenster","16":"tag-nordrhein-westfalen","17":"tag-sc-preussen-muenster","18":"tag-sg-dynamo-dresden","19":"tag-sgd","20":"tag-spio","21":"tag-sport","22":"tag-sport-im-osten","23":"tag-tim-schreiber","24":"tag-torhueter"},"share_on_mastodon":{"url":"https:\/\/pubeurope.com\/@de\/115382889393210324","error":""},"_links":{"self":[{"href":"https:\/\/www.europesays.com\/de\/wp-json\/wp\/v2\/posts\/502735","targetHints":{"allow":["GET"]}}],"collection":[{"href":"https:\/\/www.europesays.com\/de\/wp-json\/wp\/v2\/posts"}],"about":[{"href":"https:\/\/www.europesays.com\/de\/wp-json\/wp\/v2\/types\/post"}],"author":[{"embeddable":true,"href":"https:\/\/www.europesays.com\/de\/wp-json\/wp\/v2\/users\/2"}],"replies":[{"embeddable":true,"href":"https:\/\/www.europesays.com\/de\/wp-json\/wp\/v2\/comments?post=502735"}],"version-history":[{"count":0,"href":"https:\/\/www.europesays.com\/de\/wp-json\/wp\/v2\/posts\/502735\/revisions"}],"wp:featuredmedia":[{"embeddable":true,"href":"https:\/\/www.europesays.com\/de\/wp-json\/wp\/v2\/media\/502736"}],"wp:attachment":[{"href":"https:\/\/www.europesays.com\/de\/wp-json\/wp\/v2\/media?parent=502735"}],"wp:term":[{"taxonomy":"category","embeddable":true,"href":"https:\/\/www.europesays.com\/de\/wp-json\/wp\/v2\/categories?post=502735"},{"taxonomy":"post_tag","embeddable":true,"href":"https:\/\/www.europesays.com\/de\/wp-json\/wp\/v2\/tags?post=502735"}],"curies":[{"name":"wp","href":"https:\/\/api.w.org\/{rel}","templated":true}]}}