{"id":502740,"date":"2025-10-16T08:27:10","date_gmt":"2025-10-16T08:27:10","guid":{"rendered":"https:\/\/www.europesays.com\/de\/502740\/"},"modified":"2025-10-16T08:27:10","modified_gmt":"2025-10-16T08:27:10","slug":"wuppertal-raeuber-ueberfaellt-senior-in-mehrfamilienhaus-regional","status":"publish","type":"post","link":"https:\/\/www.europesays.com\/de\/502740\/","title":{"rendered":"Wuppertal: R\u00e4uber \u00fcberf\u00e4llt Senior in Mehrfamilienhaus | Regional"},"content":{"rendered":"<p>Wuppertal \u2013 <b>Ein Unbekannter hat einen 91-j\u00e4hrigen Mann in seiner Wohnung \u00fcberrumpelt und zur Herausgabe von Bargeld gezwungen.<\/b><\/p>\n<p>Der Vorfall ereignete sich am 15.10.2025 um 13.55 Uhr in der Kohlstra\u00dfe. Der Senior war gerade nach Hause gekommen, als es an der T\u00fcr klingelte. Im Treppenhaus stand ein ihm fremder Mann, der behauptete, den Rentner zu kennen. Der Unbekannte gab an, Geld zu ben\u00f6tigen, um seine Frau im Ausland zu besuchen. Als der 91-J\u00e4hrige dies ablehnte, wurde der Mann bedrohlich, woraufhin der Senior aus Angst Bargeld \u00fcbergab.<\/p>\n<p>Der T\u00e4ter, der zwischen 40 und 50 Jahre alt und etwa 1,70 m gro\u00df ist, hat schwarzes, kurzes Haar und trug einen kurzen, dunklen Mantel. Nach der Tat fl\u00fcchtete er in unbekannte Richtung.<\/p>\n<p>Die Polizei sucht Zeugen, die Hinweise geben k\u00f6nnen, und bittet um Kontaktaufnahme unter der Telefonnummer 0202 284 0.<\/p>\n<p>Dieser Text basiert auf einer offiziellen Beh\u00f6rden-Information und wurde mit Hilfe von KI erstellt.<\/p>\n","protected":false},"excerpt":{"rendered":"Wuppertal \u2013 Ein Unbekannter hat einen 91-j\u00e4hrigen Mann in seiner Wohnung \u00fcberrumpelt und zur Herausgabe von Bargeld gezwungen.&hellip;\n","protected":false},"author":2,"featured_media":464133,"comment_status":"","ping_status":"","sticky":false,"template":"","format":"standard","meta":{"footnotes":""},"categories":[1840],"tags":[3364,29,1686,30,1000,2509,1209,1995,4418],"class_list":{"0":"post-502740","1":"post","2":"type-post","3":"status-publish","4":"format-standard","5":"has-post-thumbnail","7":"category-wuppertal","8":"tag-de","9":"tag-deutschland","10":"tag-diebstahl","11":"tag-germany","12":"tag-gewalt","13":"tag-ki-ots","14":"tag-nordrhein-westfalen","15":"tag-verbrechen","16":"tag-wuppertal"},"share_on_mastodon":{"url":"https:\/\/pubeurope.com\/@de\/115382900813714009","error":""},"_links":{"self":[{"href":"https:\/\/www.europesays.com\/de\/wp-json\/wp\/v2\/posts\/502740","targetHints":{"allow":["GET"]}}],"collection":[{"href":"https:\/\/www.europesays.com\/de\/wp-json\/wp\/v2\/posts"}],"about":[{"href":"https:\/\/www.europesays.com\/de\/wp-json\/wp\/v2\/types\/post"}],"author":[{"embeddable":true,"href":"https:\/\/www.europesays.com\/de\/wp-json\/wp\/v2\/users\/2"}],"replies":[{"embeddable":true,"href":"https:\/\/www.europesays.com\/de\/wp-json\/wp\/v2\/comments?post=502740"}],"version-history":[{"count":0,"href":"https:\/\/www.europesays.com\/de\/wp-json\/wp\/v2\/posts\/502740\/revisions"}],"wp:featuredmedia":[{"embeddable":true,"href":"https:\/\/www.europesays.com\/de\/wp-json\/wp\/v2\/media\/464133"}],"wp:attachment":[{"href":"https:\/\/www.europesays.com\/de\/wp-json\/wp\/v2\/media?parent=502740"}],"wp:term":[{"taxonomy":"category","embeddable":true,"href":"https:\/\/www.europesays.com\/de\/wp-json\/wp\/v2\/categories?post=502740"},{"taxonomy":"post_tag","embeddable":true,"href":"https:\/\/www.europesays.com\/de\/wp-json\/wp\/v2\/tags?post=502740"}],"curies":[{"name":"wp","href":"https:\/\/api.w.org\/{rel}","templated":true}]}}