{"id":502753,"date":"2025-10-16T08:35:17","date_gmt":"2025-10-16T08:35:17","guid":{"rendered":"https:\/\/www.europesays.com\/de\/502753\/"},"modified":"2025-10-16T08:35:17","modified_gmt":"2025-10-16T08:35:17","slug":"china-und-frankreich-fuehren-27-strategischen-dialog_china-org-cn","status":"publish","type":"post","link":"https:\/\/www.europesays.com\/de\/502753\/","title":{"rendered":"China und Frankreich f\u00fchren 27. strategischen Dialog_China.org.cn"},"content":{"rendered":"<p style=\"text-align: left; margin-bottom: 15px;\">Der chinesische Au\u00dfenminister Wang Yi hat am Mittwoch gemeinsam mit Emmanuel Bonne, dem diplomatischen Berater des franz\u00f6sischen Pr\u00e4sidenten, den 27. strategischen Dialog zwischen China und Frankreich in Hangzhou geleitet.<\/p>\n<p style=\"text-align:center;\"><img decoding=\"async\" src=\"https:\/\/www.europesays.com\/de\/wp-content\/uploads\/2025\/10\/118127254_7b2e1278-53b1-41ff-bf60-381e8595ab11.png\" style=\"max-width:100%;\" \/><\/p>\n<p style=\"text-align: left; margin-bottom: 15px;\">Wang sagte, die Beziehungen zwischen China und Frankreich h\u00e4tten im vergangenen Jahr neue Fortschritte erzielt. Es habe enge Kontakte auf allen Ebenen gegeben, die praktische Zusammenarbeit sei stetig vorangeschritten und die multilaterale Koordinierung sei immer enger geworden.<\/p>\n<p style=\"text-align: left; margin-bottom: 15px;\">Da China und Frankreich beide st\u00e4ndige Mitglieder des Sicherheitsrats der Vereinten Nationen sowie unabh\u00e4ngige Gro\u00dfm\u00e4chte seien, sollten sie strategisch stabilere und zukunftsorientierte Beziehungen aufbauen. Diese w\u00fcrden den langfristigen Interessen beider V\u00f6lker dienen und den internationalen Verpflichtungen gerecht werden, denen China und Frankreich nachkommen m\u00fcssten.<\/p>\n<p style=\"text-align: left; margin-bottom: 15px;\">Ferner betonte Wang, sein Land sei bereit, den hochrangigen Austausch mit Frankreich zu intensivieren, das strategische gegenseitige Vertrauen zu vertiefen und die umfassende Zusammenarbeit auszubauen. Beide Seiten sollten die Zusammenarbeit in traditionellen Bereichen weiter vertiefen, aktiv neue Sektoren erkunden und das Potenzial f\u00fcr lokale Zusammenarbeit voll aussch\u00f6pfen.<\/p>\n<p style=\"text-align: left; margin-bottom: 15px;\">Laut dem chinesischen Au\u00dfenminister sei China zudem gewillt, die multilaterale Koordinierung und gegenseitige Unterst\u00fctzung mit Frankreich im Rahmen der Vereinten Nationen zu verst\u00e4rken.<\/p>\n","protected":false},"excerpt":{"rendered":"Der chinesische Au\u00dfenminister Wang Yi hat am Mittwoch gemeinsam mit Emmanuel Bonne, dem diplomatischen Berater des franz\u00f6sischen Pr\u00e4sidenten,&hellip;\n","protected":false},"author":2,"featured_media":502754,"comment_status":"","ping_status":"","sticky":false,"template":"","format":"standard","meta":{"footnotes":""},"categories":[3974],"tags":[331,332,10219,548,663,3934,3980,156,115894,13,14,15,12],"class_list":{"0":"post-502753","1":"post","2":"type-post","3":"status-publish","4":"format-standard","5":"has-post-thumbnail","7":"category-frankreich","8":"tag-aktuelle-nachrichten","9":"tag-aktuelle-news","10":"tag-dialog","11":"tag-eu","12":"tag-europa","13":"tag-europe","14":"tag-france","15":"tag-frankreich","16":"tag-hangzhou","17":"tag-headlines","18":"tag-nachrichten","19":"tag-news","20":"tag-schlagzeilen"},"share_on_mastodon":{"url":"https:\/\/pubeurope.com\/@de\/115382932691196437","error":""},"_links":{"self":[{"href":"https:\/\/www.europesays.com\/de\/wp-json\/wp\/v2\/posts\/502753","targetHints":{"allow":["GET"]}}],"collection":[{"href":"https:\/\/www.europesays.com\/de\/wp-json\/wp\/v2\/posts"}],"about":[{"href":"https:\/\/www.europesays.com\/de\/wp-json\/wp\/v2\/types\/post"}],"author":[{"embeddable":true,"href":"https:\/\/www.europesays.com\/de\/wp-json\/wp\/v2\/users\/2"}],"replies":[{"embeddable":true,"href":"https:\/\/www.europesays.com\/de\/wp-json\/wp\/v2\/comments?post=502753"}],"version-history":[{"count":0,"href":"https:\/\/www.europesays.com\/de\/wp-json\/wp\/v2\/posts\/502753\/revisions"}],"wp:featuredmedia":[{"embeddable":true,"href":"https:\/\/www.europesays.com\/de\/wp-json\/wp\/v2\/media\/502754"}],"wp:attachment":[{"href":"https:\/\/www.europesays.com\/de\/wp-json\/wp\/v2\/media?parent=502753"}],"wp:term":[{"taxonomy":"category","embeddable":true,"href":"https:\/\/www.europesays.com\/de\/wp-json\/wp\/v2\/categories?post=502753"},{"taxonomy":"post_tag","embeddable":true,"href":"https:\/\/www.europesays.com\/de\/wp-json\/wp\/v2\/tags?post=502753"}],"curies":[{"name":"wp","href":"https:\/\/api.w.org\/{rel}","templated":true}]}}