{"id":502759,"date":"2025-10-16T08:38:11","date_gmt":"2025-10-16T08:38:11","guid":{"rendered":"https:\/\/www.europesays.com\/de\/502759\/"},"modified":"2025-10-16T08:38:11","modified_gmt":"2025-10-16T08:38:11","slug":"friedrich-merz-im-bundestag-kanzler-zaehlt-eu-und-von-der-leyen-an-politik","status":"publish","type":"post","link":"https:\/\/www.europesays.com\/de\/502759\/","title":{"rendered":"Friedrich Merz im Bundestag: Kanzler z\u00e4hlt EU und von der Leyen an! | Politik"},"content":{"rendered":"<p>Berlin \u2013 <b>Bundeskanzler Friedrich Merz rechnet mit der Regulierungswut der EU ab \u2013 und sagt ihr den Kampf an. <\/b><\/p>\n<p>In seiner Regierungserkl\u00e4rung im <a href=\"https:\/\/www.bild.de\/themen\/orte\/deutscher-bundestag\/nachrichten-news-fotos-videos-SKFoY9SLoW4VnOsaPXrD\" class=\"text-link\" rel=\"nofollow noopener\" target=\"_blank\">Bundestag<\/a> k\u00fcndigte er am Morgen an:<b> <\/b>\u201eWir werden bestehende Regulierung gemeinsam zur\u00fcckbauen und k\u00fcnftige \u00dcberregulierung gemeinsam verhindern.\u201c Denn: In der <a href=\"https:\/\/www.bild.de\/politik\/ausland\/europaeische-union\/thema-europaeische-union-alle-infos-79955728.bild.html\" class=\"text-link\" rel=\"nofollow noopener\" target=\"_blank\">EU<\/a> gebe es zu viele Regeln, zu viel B\u00fcrokratie, zu geringes Wirtschaftswachstum.<\/p>\n<p>Mehr zum ThemaMerz unzufrieden \u00fcber Regelungswut aus Br\u00fcssel<\/p>\n<p>Der Kanzler zitierte aus dem Bericht des italienischen Ex-Ministerpr\u00e4sidenten Enrico Letta (59): \u201eEuropa wird nur produktiver werden, wenn es sich grundlegend \u00e4ndert.\u201c Und legt nach: \u201eSchluss mit der Regulierungswut, schnellere Verfahren, offene M\u00e4rkte, mehr Innovation und mehr Wettbewerb. Das sind die Ziele, die wir erreichen m\u00fcssen.\u201c<\/p>\n<p><b>Ein klarer Kanzler-Fingerzeig in Richtung EU-Kommissionspr\u00e4sidentin Ursula von der Leyen (CDU). Die <\/b><a href=\"https:\/\/www.bild.de\/politik\/leute\/friedrich-merz\/friedrich-merz-alle-infos-76682054.bild.html\" class=\"text-link\" rel=\"nofollow noopener\" target=\"_blank\"><b>Merz<\/b><\/a><b>-Botschaft: Von der Leyen steht jetzt in der Pflicht, soll die EU auf diesen Kurs bringen. <\/b><\/p>\n<p><img decoding=\"async\" width=\"992\" height=\"558\" alt=\"EU-Kommissionspr\u00e4sidentin Ursula von der Leyen (67)\" src=\"https:\/\/www.europesays.com\/de\/wp-content\/uploads\/2025\/10\/5036cbd810de2115204d16b369a9bc01,1ad20190\"   class=\"landscape\" loading=\"lazy\"\/><\/p>\n<p class=\"fig__caption__text\">EU-Kommissionspr\u00e4sidentin Ursula von der Leyen (67)<\/p>\n<p>Foto: AP<\/p>\n<p><b>Der Kanzler forderte: \u201eWir brauchen eine systematische \u00dcberpr\u00fcfung des Regelwerks der Europ\u00e4ischen Union!\u201c Und er machte klar: \u201eHier muss die Europ\u00e4ische Union nun weiter t\u00e4tig werden.\u201c <\/b><\/p>\n<p>Merz: \u201eWeniger Regeln, bessere Regeln\u201c<\/p>\n<p><b>Seine Regierung habe begonnen mit dem Abbau von Regeln und Berichtspflichten. Das m\u00fcsse auch f\u00fcr Europa gelten: \u201eWir brauchen nicht mehr Regeln, wir brauchen weniger Regeln\u201c, sagte Merz. \u201eWeniger Regeln, bessere Regeln.\u201c<\/b><\/p>\n<p>Der Vorschlag der EU-Kommission zur Vereinfachung von Vorschriften sei \u201eein Schritt in die richtige Richtung\u201c. Doch: \u201eDas reicht noch nicht, da muss mehr kommen.\u201c<\/p>\n<p>Gleichzeitig appellierte der Kanzler an die St\u00e4rke Europas. Europa m\u00fcsse eine Friedensmacht sein, forderte Merz. Dazu geh\u00f6re: \u201eWirtschaftliche St\u00e4rke, politische St\u00e4rke und auch milit\u00e4rische St\u00e4rke.\u201c Merz betonte: Eine Friedensmacht zu sein, sei \u201eeine zentrale Gr\u00fcndungsidee der Bundesrepublik\u201c. Auch f\u00fcr die EU gelte dies. Merz ausdr\u00fccklich: \u201eMit Betonung auf Macht.\u201c<\/p>\n","protected":false},"excerpt":{"rendered":"Berlin \u2013 Bundeskanzler Friedrich Merz rechnet mit der Regulierungswut der EU ab \u2013 und sagt ihr den Kampf&hellip;\n","protected":false},"author":2,"featured_media":502760,"comment_status":"","ping_status":"","sticky":false,"template":"","format":"standard","meta":{"footnotes":""},"categories":[3933],"tags":[331,332,31,548,663,158,3934,3935,13,32,14,15,12,12874,184,45],"class_list":{"0":"post-502759","1":"post","2":"type-post","3":"status-publish","4":"format-standard","5":"has-post-thumbnail","7":"category-eu","8":"tag-aktuelle-nachrichten","9":"tag-aktuelle-news","10":"tag-cdu","11":"tag-eu","12":"tag-europa","13":"tag-europaeische-union","14":"tag-europe","15":"tag-european-union","16":"tag-headlines","17":"tag-merz-friedrich","18":"tag-nachrichten","19":"tag-news","20":"tag-schlagzeilen","21":"tag-scholz-olaf","22":"tag-spd","23":"tag-texttospeech"},"share_on_mastodon":{"url":"https:\/\/pubeurope.com\/@de\/115382944634032070","error":""},"_links":{"self":[{"href":"https:\/\/www.europesays.com\/de\/wp-json\/wp\/v2\/posts\/502759","targetHints":{"allow":["GET"]}}],"collection":[{"href":"https:\/\/www.europesays.com\/de\/wp-json\/wp\/v2\/posts"}],"about":[{"href":"https:\/\/www.europesays.com\/de\/wp-json\/wp\/v2\/types\/post"}],"author":[{"embeddable":true,"href":"https:\/\/www.europesays.com\/de\/wp-json\/wp\/v2\/users\/2"}],"replies":[{"embeddable":true,"href":"https:\/\/www.europesays.com\/de\/wp-json\/wp\/v2\/comments?post=502759"}],"version-history":[{"count":0,"href":"https:\/\/www.europesays.com\/de\/wp-json\/wp\/v2\/posts\/502759\/revisions"}],"wp:featuredmedia":[{"embeddable":true,"href":"https:\/\/www.europesays.com\/de\/wp-json\/wp\/v2\/media\/502760"}],"wp:attachment":[{"href":"https:\/\/www.europesays.com\/de\/wp-json\/wp\/v2\/media?parent=502759"}],"wp:term":[{"taxonomy":"category","embeddable":true,"href":"https:\/\/www.europesays.com\/de\/wp-json\/wp\/v2\/categories?post=502759"},{"taxonomy":"post_tag","embeddable":true,"href":"https:\/\/www.europesays.com\/de\/wp-json\/wp\/v2\/tags?post=502759"}],"curies":[{"name":"wp","href":"https:\/\/api.w.org\/{rel}","templated":true}]}}