{"id":50276,"date":"2025-04-21T19:35:10","date_gmt":"2025-04-21T19:35:10","guid":{"rendered":"https:\/\/www.europesays.com\/de\/50276\/"},"modified":"2025-04-21T19:35:10","modified_gmt":"2025-04-21T19:35:10","slug":"carmen-geiss-bricht-unter-traenen-tv-interview-ab","status":"publish","type":"post","link":"https:\/\/www.europesays.com\/de\/50276\/","title":{"rendered":"Carmen Geiss bricht unter Tr\u00e4nen TV-Interview ab"},"content":{"rendered":"<p>Emotionaler Moment <\/p>\n<p>Carmen Geiss bricht unter Tr\u00e4nen TV-Interview ab<\/p>\n<p>21.04.2025 &#8211; 19:50 UhrLesedauer: 2 Min.<\/p>\n<p><a href=\"#focus-0\" class=\"transition-colors duration-200 focus-within:text-magenta block text-current relative\" data-sctrack=\"FocusGalleryImage.Reference\"><img fetchpriority=\"high\" data-testid=\"Opener.Image\" style=\"--lqipURL:url('https:\/\/images.t-online.de\/2024\/08\/D4aTvmLgrdvw\/665x211:1990x1119\/fit-in\/150x0\/filters:blur(25)\/carmen-geiss-der-59-jaehrigen-folgen-auf-instagram-eine-million-menschen.jpg')\"   loading=\"eager\" src=\"https:\/\/www.europesays.com\/de\/wp-content\/uploads\/2025\/04\/carmen-geiss-der-59-jaehrigen-folgen-auf-instagram-eine-million-menschen.jpg\" alt=\"Carmen Geiss: Der 59-J\u00e4hrigen folgen auf Instagram eine Million Menschen.\" title=\"Carmen Geiss: Der 59-J\u00e4hrigen folgen auf Instagram eine Million Menschen.\" width=\"1990\" height=\"1119\" class=\"bg-[url:var(--lqipURL)] bg-cover bg-center flex w-full max-w-full h-full\" decoding=\"async\"\/><img style=\"--width:32;--height:32\" loading=\"lazy\" src=\"https:\/\/www.t-online.de\/s\/paper\/_next\/static\/media\/zoom-in.f7dae02f.svg\" alt=\"Vergr\u00f6\u00dfern des Bildes\" title=\"Vergr\u00f6\u00dfern des Bildes\" class=\"&#10;        block&#10;        h-[calc(var(--height)_\/_16_*_1rem)]&#10;        w-[calc(var(--width)_\/_16_*_1rem)]&#10;        max-w-none&#10;        absolute bottom-8 right-8 rounded-4 bg-snow p-8\" decoding=\"async\"\/><\/a><\/p>\n<p>Carmen Geiss: Die Reality-TV-Bekanntheit steht seit Jahren vor der Kamera. (Quelle: Andreas Rentz\/Getty Images)<\/p>\n<p class=\"font-bold text-18 leading-17\">In der neuen Folge ihrer Dokuserie &#8222;Die Geissens&#8220; wurde Carmen Geiss mit einem sehr pers\u00f6nlichen Geschenk \u00fcberrascht. Das sorgte bei ihr f\u00fcr gro\u00dfe Emotionen.<\/p>\n<p class=\"text-18 leading-17\">\u00dcber 14 Jahre sind <a class=\"transition-colors duration-200 cursor-pointer text-inherit no-underline text-salemsfur md:hover:text-magenta md:hover:border-magenta md:focus:text-magenta border-current border-b border-solid break-words\" href=\"https:\/\/www.t-online.de\/themen\/robert-geiss\/\" data-sctrack=\"BodyAnchor\" target=\"_blank\" rel=\"noopener\">Robert <\/a>und <a class=\"transition-colors duration-200 cursor-pointer text-inherit no-underline text-salemsfur md:hover:text-magenta md:hover:border-magenta md:focus:text-magenta border-current border-b border-solid break-words\" href=\"https:\/\/www.t-online.de\/themen\/carmen-geiss\/\" data-sctrack=\"BodyAnchor\" target=\"_blank\" rel=\"noopener\">Carmen Geiss<\/a> nun schon fester Teil der deutschen TV-Landschaft. Seit 2011 l\u00e4sst sich das Million\u00e4rspaar bei seinem Jetsetalltag mit den beiden gemeinsamen T\u00f6chtern von Kameras begleiten. Die 59-J\u00e4hrige zeigt sich dabei meist selbstbewusst und schlagfertig. In der neuen Folge ihrer Dokuserie &#8222;Die Geissens \u2013 Eine schrecklich glamour\u00f6se Familie&#8220; fehlten Carmen aber pl\u00f6tzlich die Worte.<\/p>\n<p class=\"text-18 leading-17\">Grund daf\u00fcr: ein sehr pers\u00f6nliches Geschenk, das sie von K\u00fcnstler Sharyar Azhdari bekam. Der Freund der Familie besuchte die Geissens in ihrer Villa in St. Tropez und hatte etwas Besonderes f\u00fcr Carmen dabei. &#8222;Ich wei\u00df, wie sehr du deine Mama geliebt hast&#8220;, erkl\u00e4rte er und \u00fcberreichte der 59-J\u00e4hrigen eine Leinwand mit einem Foto ihrer Mutter Anna Schmitz, die im Februar 2022 verstorben war.<\/p>\n<p class=\"text-18 leading-17\">Bei Carmen sorgte das f\u00fcr einen Gef\u00fchlsausbruch. &#8222;Das ist so sch\u00f6n&#8220;, sagte sie sichtlich ergriffen beim n\u00e4heren Betrachten des Kunstwerks und betonte &#8222;Meine Mama war mir sehr, sehr wichtig!&#8220;<\/p>\n<p class=\"text-18 leading-17\">Im Interview f\u00fchrte sie kurz danach aus: &#8222;Meine Mutter hat mich sehr gepr\u00e4gt. Meine Mutter hat mir die St\u00e4rke gegeben, die ich habe \u2013 normalerweise.&#8220; Dann brach die Stimme der 59-J\u00e4hrigen. &#8222;Ich kann jetzt echt nicht sprechen&#8220;, erkl\u00e4rte sie unter Tr\u00e4nen und fl\u00fcchtete v\u00f6llig \u00fcberw\u00e4ltigt aus dem Bild.<\/p>\n<p class=\"text-18 leading-17\">Wie eng die Bindung zu ihrer Mutter war, macht Carmen auf ihrem Instagram-Account immer wieder deutlich. Im vergangenen Jahr schrieb sie zum Todestag: &#8222;Liebe Mami, es f\u00e4llt mir schwer, in Worte zu fassen, wie sehr ich dich vermisse. Jeden Tag sehne ich mich nach deiner liebevollen Umarmung, deinem warmen L\u00e4cheln und deinen weisen Ratschl\u00e4gen.&#8220; Sie sei nicht nur ihre Mutter gewesen, sondern auch beste Freundin, St\u00fctze und Vorbild.<\/p>\n<p class=\"text-18 leading-17\">In einer fr\u00fcheren Folge von &#8222;Die Geissens&#8220; hatte die 59-J\u00e4hrige erz\u00e4hlt, dass sie die Asche ihrer Eltern zu Edelsteinen verarbeiten lasse. &#8222;Die kommen dann in den Tresor und dann sind meine Eltern immer f\u00fcr meine Kinder verf\u00fcgbar oder f\u00fcr mich&#8220;, erkl\u00e4rte sie damals.<\/p>\n","protected":false},"excerpt":{"rendered":"Emotionaler Moment Carmen Geiss bricht unter Tr\u00e4nen TV-Interview ab 21.04.2025 &#8211; 19:50 UhrLesedauer: 2 Min. Carmen Geiss: Die&hellip;\n","protected":false},"author":2,"featured_media":50277,"comment_status":"","ping_status":"","sticky":false,"template":"","format":"standard","meta":{"footnotes":""},"categories":[1776],"tags":[1881,19398,1801,29,1091,24151,214,30,3523,1802,24152,215],"class_list":{"0":"post-50276","1":"post","2":"type-post","3":"status-publish","4":"format-standard","5":"has-post-thumbnail","7":"category-prominente","8":"tag-carmen","9":"tag-carmen-geiss","10":"tag-celebrities","11":"tag-deutschland","12":"tag-die-geissens","13":"tag-dokuserie","14":"tag-entertainment","15":"tag-germany","16":"tag-kamera","17":"tag-prominente","18":"tag-st-tropez","19":"tag-unterhaltung"},"share_on_mastodon":{"url":"https:\/\/pubeurope.com\/@de\/114377636350798894","error":""},"_links":{"self":[{"href":"https:\/\/www.europesays.com\/de\/wp-json\/wp\/v2\/posts\/50276","targetHints":{"allow":["GET"]}}],"collection":[{"href":"https:\/\/www.europesays.com\/de\/wp-json\/wp\/v2\/posts"}],"about":[{"href":"https:\/\/www.europesays.com\/de\/wp-json\/wp\/v2\/types\/post"}],"author":[{"embeddable":true,"href":"https:\/\/www.europesays.com\/de\/wp-json\/wp\/v2\/users\/2"}],"replies":[{"embeddable":true,"href":"https:\/\/www.europesays.com\/de\/wp-json\/wp\/v2\/comments?post=50276"}],"version-history":[{"count":0,"href":"https:\/\/www.europesays.com\/de\/wp-json\/wp\/v2\/posts\/50276\/revisions"}],"wp:featuredmedia":[{"embeddable":true,"href":"https:\/\/www.europesays.com\/de\/wp-json\/wp\/v2\/media\/50277"}],"wp:attachment":[{"href":"https:\/\/www.europesays.com\/de\/wp-json\/wp\/v2\/media?parent=50276"}],"wp:term":[{"taxonomy":"category","embeddable":true,"href":"https:\/\/www.europesays.com\/de\/wp-json\/wp\/v2\/categories?post=50276"},{"taxonomy":"post_tag","embeddable":true,"href":"https:\/\/www.europesays.com\/de\/wp-json\/wp\/v2\/tags?post=50276"}],"curies":[{"name":"wp","href":"https:\/\/api.w.org\/{rel}","templated":true}]}}