{"id":502766,"date":"2025-10-16T08:42:12","date_gmt":"2025-10-16T08:42:12","guid":{"rendered":"https:\/\/www.europesays.com\/de\/502766\/"},"modified":"2025-10-16T08:42:12","modified_gmt":"2025-10-16T08:42:12","slug":"nach-einer-woche-gestrandeter-schwerlasttransporter-am-ziel","status":"publish","type":"post","link":"https:\/\/www.europesays.com\/de\/502766\/","title":{"rendered":"Nach einer Woche: gestrandeter Schwerlasttransporter am Ziel"},"content":{"rendered":"<p class=\"small date article__date\">Ver\u00f6ffentlicht:\u00a0Donnerstag, 16.10.2025 09:33<\/p>\n<p>Vergangenen Freitag war ein Schwerlasttransporter auf der Bonner Adenauerallee gestrandet, er hatte nicht durch das Koblenzer Tor gepasst. Heute Nacht fuhr der Transporter dann von der Adenauerallee an sein Ziel \u2013 direkt auf die andere Seite des Tors.<\/p>\n<p><img decoding=\"async\" alt=\"\" src=\"https:\/\/www.europesays.com\/de\/wp-content\/uploads\/2025\/10\/truck-2920533_1920.jpg&#038;crop=0x46x1920x1200&#038;resize=1280x800&#038;dt=201904100647220.jpeg\" data-size=\"1280x800\"\/>\u00a9 Tama66\/Pixabay<\/p>\n<p>Um 22 Uhr fuhr der Schwerlasttransporter los, er kam um ein Uhr an. F\u00fcr die kurze Strecke musste er 102 Kilometer fahren, hei\u00dft es vom Transportunternehmen auf RBRS-Anfrage. Die meisten Stra\u00dfen h\u00e4tten das Gewicht, die H\u00f6he und die L\u00e4nge des Transporters nicht ausgehalten. Er musste deshalb \u00fcber die Autobahnen der Region fahren.<\/p>\n<p>Falsche Routenplanung<\/p>\n<p>Weil die Route falsch geplant war, hatte der Schwerlasttransporter vor einer Woche auf der B9 halten m\u00fcssen. Dort stand er so lange, bis die Genehmigung f\u00fcr eine neue Route da war, das war gestern.  <\/p>\n","protected":false},"excerpt":{"rendered":"Ver\u00f6ffentlicht:\u00a0Donnerstag, 16.10.2025 09:33 Vergangenen Freitag war ein Schwerlasttransporter auf der Bonner Adenauerallee gestrandet, er hatte nicht durch das&hellip;\n","protected":false},"author":2,"featured_media":502767,"comment_status":"","ping_status":"","sticky":false,"template":"","format":"standard","meta":{"footnotes":""},"categories":[1842],"tags":[35753,125747,1741,3364,29,30,1209],"class_list":{"0":"post-502766","1":"post","2":"type-post","3":"status-publish","4":"format-standard","5":"has-post-thumbnail","7":"category-bonn","8":"tag-adenauerallee","9":"tag-schwerlasttransporter","10":"tag-bonn","11":"tag-de","12":"tag-deutschland","13":"tag-germany","14":"tag-nordrhein-westfalen"},"share_on_mastodon":{"url":"https:\/\/pubeurope.com\/@de\/115382960250264985","error":""},"_links":{"self":[{"href":"https:\/\/www.europesays.com\/de\/wp-json\/wp\/v2\/posts\/502766","targetHints":{"allow":["GET"]}}],"collection":[{"href":"https:\/\/www.europesays.com\/de\/wp-json\/wp\/v2\/posts"}],"about":[{"href":"https:\/\/www.europesays.com\/de\/wp-json\/wp\/v2\/types\/post"}],"author":[{"embeddable":true,"href":"https:\/\/www.europesays.com\/de\/wp-json\/wp\/v2\/users\/2"}],"replies":[{"embeddable":true,"href":"https:\/\/www.europesays.com\/de\/wp-json\/wp\/v2\/comments?post=502766"}],"version-history":[{"count":0,"href":"https:\/\/www.europesays.com\/de\/wp-json\/wp\/v2\/posts\/502766\/revisions"}],"wp:featuredmedia":[{"embeddable":true,"href":"https:\/\/www.europesays.com\/de\/wp-json\/wp\/v2\/media\/502767"}],"wp:attachment":[{"href":"https:\/\/www.europesays.com\/de\/wp-json\/wp\/v2\/media?parent=502766"}],"wp:term":[{"taxonomy":"category","embeddable":true,"href":"https:\/\/www.europesays.com\/de\/wp-json\/wp\/v2\/categories?post=502766"},{"taxonomy":"post_tag","embeddable":true,"href":"https:\/\/www.europesays.com\/de\/wp-json\/wp\/v2\/tags?post=502766"}],"curies":[{"name":"wp","href":"https:\/\/api.w.org\/{rel}","templated":true}]}}