{"id":502774,"date":"2025-10-16T08:47:20","date_gmt":"2025-10-16T08:47:20","guid":{"rendered":"https:\/\/www.europesays.com\/de\/502774\/"},"modified":"2025-10-16T08:47:20","modified_gmt":"2025-10-16T08:47:20","slug":"schlafen-spaeter-lange-hoernacht-im-kindermuseum-zinnober-fuer-besucher-ab-fuenf-jahren","status":"publish","type":"post","link":"https:\/\/www.europesays.com\/de\/502774\/","title":{"rendered":"Schlafen? Sp\u00e4ter! Lange H\u00f6rnacht im Kindermuseum Zinnober f\u00fcr Besucher ab f\u00fcnf Jahren"},"content":{"rendered":"<p>\t\t\t\t\t<img width=\"800\" height=\"450\" src=\"https:\/\/www.europesays.com\/de\/wp-content\/uploads\/2025\/10\/Filmsounds-MusikZentrum-25.jpg\" class=\"attachment-full size-full wp-post-image\" alt=\"Schlafen? Sp\u00e4ter! Lange H\u00f6rnacht im Kindermuseum Zinnober f\u00fcr Besucher ab f\u00fcnf Jahren\" decoding=\"async\" fetchpriority=\"high\"  \/><\/p>\n<p>Im Kindermuseum Zinnober geht es auch um eigene Filmsounds &#8211; Illustration: Thies Schwarz<\/p>\n<p>\t\t\tAnzeige<br \/><a href=\"https:\/\/www.daniela-busche.de\" target=\"_blank\" rel=\"nofollow noopener\"><img decoding=\"async\" src=\"https:\/\/www.europesays.com\/de\/wp-content\/uploads\/2025\/07\/DB_SehndeNews_Anzeige_022.gif\" alt=\"Werben Sie bei Sehnde-News\"\/><\/a><\/p>\n<p>Die Ausstellung \u201eLauscher, L\u00f6ffel, Labertasche\u201c im Kindermuseum Zinnober widmet sich noch bis zum 26. April 2026 den vielf\u00e4ltigen Facetten des H\u00f6rens. Zahlreiche Klanginstallationen aus dem MobilenMusikMuseum D\u00fcsseldorf, der H\u00f6rregion Hannover sowie dem Kindermuseum laden dazu ein, selbst auszuprobieren und zu staunen. Erg\u00e4nzt wird die Ausstellung durch ein umfangreiches Begleitprogramm mit Workshops, Aktionen und Veranstaltungen, die sich an Kinder ebenso wie an Erwachsene richten. Am Freitag, 28. November, lockt die \u201eLange H\u00f6rnacht\u201c von 16 bis 21 Uhr zu einem abendlichen Besuch im Kindermuseum.<\/p>\n<p>Bei der Zinnober-H\u00f6rnacht k\u00f6nnen junge Nachtschw\u00e4rmer testen, wie hellh\u00f6rig man wird, wenn es dunkel ist: Einen Abend lang \u00f6ffnet das Kindermuseum seine T\u00fcren \u00fcber die \u00d6ffnungszeit hinaus. Kinder ab f\u00fcnf Jahren und ihre Begleitung erwartet ein buntes Programm rund ums H\u00f6ren. Wie klingt die Arbeit eines Naturpark-Rangers? Wie entsteht ein H\u00f6rspiel? Wie h\u00f6rt sich ein Film an, wenn man selbst die Ger\u00e4usche dazu aussuchen kann? All das und noch viel mehr l\u00e4sst sich bei der Langen H\u00f6rnacht erforschen. Und vielleicht klingt die Ausstellung \u201eLauscher, L\u00f6ffel, Labertasche\u201c abends ganz anders?! Mit Aktionen sind dabei: das MusikZentrum Hannover, Musiker Holger Kirleis, die H\u00f6rb\u00fchne Hannover und die Ranger des Naturparks des Steinhuder Meer.<\/p>\n<p>Los geht es im Kindermuseum Zinnober Am Steinbruch 16 in Hannover ohne Anmeldung; die Teilnahme ist kostenlos.<\/p>\n<p>Anzeige<br \/><a href=\"https:\/\/www.villamare-sehnde.de\/catering_villamare-catering-sehnde-hannover\/\" target=\"_blank\" rel=\"nofollow noopener\"><img decoding=\"async\" src=\"https:\/\/www.europesays.com\/de\/wp-content\/uploads\/2025\/06\/Catering-Villa.gif\" alt=\"Werben Sie bei Sehnde-News\"\/><\/a><\/p>\n","protected":false},"excerpt":{"rendered":"Im Kindermuseum Zinnober geht es auch um eigene Filmsounds &#8211; Illustration: Thies Schwarz Anzeige Die Ausstellung \u201eLauscher, L\u00f6ffel,&hellip;\n","protected":false},"author":2,"featured_media":502775,"comment_status":"","ping_status":"","sticky":false,"template":"","format":"standard","meta":{"footnotes":""},"categories":[1836],"tags":[3364,29,30,46,3794,1411,7305,18055,3866],"class_list":{"0":"post-502774","1":"post","2":"type-post","3":"status-publish","4":"format-standard","5":"has-post-thumbnail","7":"category-hannover","8":"tag-de","9":"tag-deutschland","10":"tag-germany","11":"tag-hannover","12":"tag-lehrte","13":"tag-niedersachsen","14":"tag-region-hannover","15":"tag-sehnde","16":"tag-veranstaltungen"},"share_on_mastodon":{"url":"https:\/\/pubeurope.com\/@de\/115382979711251159","error":""},"_links":{"self":[{"href":"https:\/\/www.europesays.com\/de\/wp-json\/wp\/v2\/posts\/502774","targetHints":{"allow":["GET"]}}],"collection":[{"href":"https:\/\/www.europesays.com\/de\/wp-json\/wp\/v2\/posts"}],"about":[{"href":"https:\/\/www.europesays.com\/de\/wp-json\/wp\/v2\/types\/post"}],"author":[{"embeddable":true,"href":"https:\/\/www.europesays.com\/de\/wp-json\/wp\/v2\/users\/2"}],"replies":[{"embeddable":true,"href":"https:\/\/www.europesays.com\/de\/wp-json\/wp\/v2\/comments?post=502774"}],"version-history":[{"count":0,"href":"https:\/\/www.europesays.com\/de\/wp-json\/wp\/v2\/posts\/502774\/revisions"}],"wp:featuredmedia":[{"embeddable":true,"href":"https:\/\/www.europesays.com\/de\/wp-json\/wp\/v2\/media\/502775"}],"wp:attachment":[{"href":"https:\/\/www.europesays.com\/de\/wp-json\/wp\/v2\/media?parent=502774"}],"wp:term":[{"taxonomy":"category","embeddable":true,"href":"https:\/\/www.europesays.com\/de\/wp-json\/wp\/v2\/categories?post=502774"},{"taxonomy":"post_tag","embeddable":true,"href":"https:\/\/www.europesays.com\/de\/wp-json\/wp\/v2\/tags?post=502774"}],"curies":[{"name":"wp","href":"https:\/\/api.w.org\/{rel}","templated":true}]}}