{"id":502779,"date":"2025-10-16T08:50:17","date_gmt":"2025-10-16T08:50:17","guid":{"rendered":"https:\/\/www.europesays.com\/de\/502779\/"},"modified":"2025-10-16T08:50:17","modified_gmt":"2025-10-16T08:50:17","slug":"juliane-wagnitz-arbeitet-fuer-uniklinik-dresden","status":"publish","type":"post","link":"https:\/\/www.europesays.com\/de\/502779\/","title":{"rendered":"Juliane Wagnitz arbeitet f\u00fcr Uniklinik Dresden"},"content":{"rendered":"<p> Das Universit\u00e4tsklinikum Carl Gustav Carus Dresden hat Juliane Wagnitz (Foto Mitte) die Leitung des Bereichs Unternehmenskommunikation \u00fcbergeben. <\/p>\n<p> Wagnitz war zuvor fast 20 Jahre f\u00fcr den Uhrenhersteller A. Lange &amp; S\u00f6hne aus dem s\u00e4chsischen Glash\u00fctte t\u00e4tig. Zuletzt fungierte sie dort als Senior PR Manager Europe. Seit Anfang des Monats verantwortet Wagnitz die Unternehmenskommunikation Uniklinik Dresden. Sie ist Nachfolgerin von <a target=\"_blank\" href=\"https:\/\/www.prreport.de\/singlenews\/uid-971669\/klinikum_chemnitz_rekrutiert_claudia_dietz\/#a971669\" rel=\"noopener\">Claudia Dietz, die seit Mai dieses Jahres die Kommunikation des Universit\u00e4tsklinikums Chemnitz leitet<\/a>.<br \/>\n\u00a0<br \/>\nMit der Rekrutierung von Wagnitz habe die Pressestelle eine neue Struktur erhalten, hei\u00dft es in einem <a target=\"_blank\" href=\"https:\/\/www.linkedin.com\/company\/universit%C3%A4tsklinikum-carl-gustav-carus\/posts\/?feedView=all\" rel=\"noopener\">Post auf Linkedin<\/a>. Sie wird jetzt von den Pressesprechern Annechristin Bonss und Alexander Hesse gef\u00fchrt. Hesse war zuvor Pressereferent der CDU-Fraktion im S\u00e4chsischen Landtag und k\u00fcmmert sich beim Universit\u00e4tsklinikum Dresden um die politische Kommunikation und Public Affairs. Bon\u00df war seit 2018 als Beraterin f\u00fcr die Agentur Ketchum aktiv und koordiniert nun prim\u00e4r die Presse- und Medienarbeit der Uniklinik Dresden.<br \/>\n\u00a0<br \/>\n<strong>Tipp: Aufgepasst, liebe Studierende, Volos, Trainees und Talente! <a target=\"_blank\" href=\"https:\/\/prreportcamp.de\" rel=\"noopener\">Am 12. und 13. November 2025 gibt es wieder unser PR Report Camp<\/a>, die wichtigste Veranstaltung f\u00fcr den Nachwuchs und f\u00fcr Young Professionals in der Kommunikation.\u00a0Das Programm an beiden Camp-Tagen ist hochkar\u00e4tig.\u00a0Und auch in diesem Jahr k\u00f6nnt ihr kostenlos dabei sein!\u00a0<a target=\"_blank\" href=\"https:\/\/prreportcamp.de\/tickets\/?_gl=1*1u3bx3j*_ga*MTU1ODYzMjc2My4xNzE4OTU4ODU1*_ga_W38JB2R1BF*czE3NjA1MTczOTYkbzQwOSRnMSR0MTc2MDUxNzQxNSRqNDEkbDAkaDE4OTk2MjY0NjQ.\" rel=\"noopener\"><strong>Jetzt anmelden!<\/strong><\/a><\/strong> <\/p>\n","protected":false},"excerpt":{"rendered":"Das Universit\u00e4tsklinikum Carl Gustav Carus Dresden hat Juliane Wagnitz (Foto Mitte) die Leitung des Bereichs Unternehmenskommunikation \u00fcbergeben. Wagnitz&hellip;\n","protected":false},"author":2,"featured_media":502780,"comment_status":"","ping_status":"","sticky":false,"template":"","format":"standard","meta":{"footnotes":""},"categories":[1835],"tags":[3364,29,2386,30,2877,19312,108499,108500,108498,1943,859],"class_list":{"0":"post-502779","1":"post","2":"type-post","3":"status-publish","4":"format-standard","5":"has-post-thumbnail","7":"category-dresden","8":"tag-de","9":"tag-deutschland","10":"tag-dresden","11":"tag-germany","12":"tag-magazin","13":"tag-pr","14":"tag-pr-verantwortliche","15":"tag-pr-wirtschaft","16":"tag-prreport","17":"tag-publishing","18":"tag-sachsen"},"share_on_mastodon":{"url":"https:\/\/pubeurope.com\/@de\/115382991232256818","error":""},"_links":{"self":[{"href":"https:\/\/www.europesays.com\/de\/wp-json\/wp\/v2\/posts\/502779","targetHints":{"allow":["GET"]}}],"collection":[{"href":"https:\/\/www.europesays.com\/de\/wp-json\/wp\/v2\/posts"}],"about":[{"href":"https:\/\/www.europesays.com\/de\/wp-json\/wp\/v2\/types\/post"}],"author":[{"embeddable":true,"href":"https:\/\/www.europesays.com\/de\/wp-json\/wp\/v2\/users\/2"}],"replies":[{"embeddable":true,"href":"https:\/\/www.europesays.com\/de\/wp-json\/wp\/v2\/comments?post=502779"}],"version-history":[{"count":0,"href":"https:\/\/www.europesays.com\/de\/wp-json\/wp\/v2\/posts\/502779\/revisions"}],"wp:featuredmedia":[{"embeddable":true,"href":"https:\/\/www.europesays.com\/de\/wp-json\/wp\/v2\/media\/502780"}],"wp:attachment":[{"href":"https:\/\/www.europesays.com\/de\/wp-json\/wp\/v2\/media?parent=502779"}],"wp:term":[{"taxonomy":"category","embeddable":true,"href":"https:\/\/www.europesays.com\/de\/wp-json\/wp\/v2\/categories?post=502779"},{"taxonomy":"post_tag","embeddable":true,"href":"https:\/\/www.europesays.com\/de\/wp-json\/wp\/v2\/tags?post=502779"}],"curies":[{"name":"wp","href":"https:\/\/api.w.org\/{rel}","templated":true}]}}