{"id":502791,"date":"2025-10-16T08:57:10","date_gmt":"2025-10-16T08:57:10","guid":{"rendered":"https:\/\/www.europesays.com\/de\/502791\/"},"modified":"2025-10-16T08:57:10","modified_gmt":"2025-10-16T08:57:10","slug":"urteil-des-bverwg-zum-rundfunkbeitrag","status":"publish","type":"post","link":"https:\/\/www.europesays.com\/de\/502791\/","title":{"rendered":"Urteil des BVerwG zum Rundfunkbeitrag"},"content":{"rendered":"<p>Staatsminister Robra: \u201eDie Entscheidung des Bundesverwaltungsgerichts zum Rundfunkbeitrag ist eine Z\u00e4sur. Mit ihr treten messbare und \u00fcberpr\u00fcfbare Indikatoren und Kriterien an die Stelle der wiederholt vorgetragenen Beteuerungen der Intendanten, die \u00f6ffentlich-rechtlichen Programmangebote seien vielf\u00e4ltig und ausgewogen. In der Konsequenz sind die behauptete Vielfalt und Ausgewogenheit grunds\u00e4tzlich durch die Beitragszahler widerlegbar.&#8220; Das Gericht hatte entschieden, dass die Erhebung des Rundfunkbeitrags mit dem Verfassungsrecht nicht mehr in Einklang steht, wenn das Gesamtprogrammangebot der \u00f6ffentlich-rechtlichen Rundfunkanstalten die Anforderungen an die gegenst\u00e4ndliche und meinungsm\u00e4\u00dfige Vielfalt und Ausgewogenheit \u00fcber einen l\u00e4ngeren Zeitraum gr\u00f6blich verfehlt.<br \/>Urteil Rundfunkbeitrag<\/p>\n<p>\u00a0<\/p>\n","protected":false},"excerpt":{"rendered":"Staatsminister Robra: \u201eDie Entscheidung des Bundesverwaltungsgerichts zum Rundfunkbeitrag ist eine Z\u00e4sur. Mit ihr treten messbare und \u00fcberpr\u00fcfbare Indikatoren&hellip;\n","protected":false},"author":2,"featured_media":502792,"comment_status":"","ping_status":"","sticky":false,"template":"","format":"standard","meta":{"footnotes":""},"categories":[1832],"tags":[1140,752,3364,29,30,65680,71,9834,859,860,1163,383,55],"class_list":{"0":"post-502791","1":"post","2":"type-post","3":"status-publish","4":"format-standard","5":"has-post-thumbnail","7":"category-leipzig","8":"tag-arbeit","9":"tag-bildung","10":"tag-de","11":"tag-deutschland","12":"tag-germany","13":"tag-landesportal","14":"tag-leipzig","15":"tag-menschen","16":"tag-sachsen","17":"tag-sachsen-anhalt","18":"tag-tourismus","19":"tag-umwelt","20":"tag-wirtschaft"},"share_on_mastodon":{"url":"https:\/\/pubeurope.com\/@de\/115383018758237417","error":""},"_links":{"self":[{"href":"https:\/\/www.europesays.com\/de\/wp-json\/wp\/v2\/posts\/502791","targetHints":{"allow":["GET"]}}],"collection":[{"href":"https:\/\/www.europesays.com\/de\/wp-json\/wp\/v2\/posts"}],"about":[{"href":"https:\/\/www.europesays.com\/de\/wp-json\/wp\/v2\/types\/post"}],"author":[{"embeddable":true,"href":"https:\/\/www.europesays.com\/de\/wp-json\/wp\/v2\/users\/2"}],"replies":[{"embeddable":true,"href":"https:\/\/www.europesays.com\/de\/wp-json\/wp\/v2\/comments?post=502791"}],"version-history":[{"count":0,"href":"https:\/\/www.europesays.com\/de\/wp-json\/wp\/v2\/posts\/502791\/revisions"}],"wp:featuredmedia":[{"embeddable":true,"href":"https:\/\/www.europesays.com\/de\/wp-json\/wp\/v2\/media\/502792"}],"wp:attachment":[{"href":"https:\/\/www.europesays.com\/de\/wp-json\/wp\/v2\/media?parent=502791"}],"wp:term":[{"taxonomy":"category","embeddable":true,"href":"https:\/\/www.europesays.com\/de\/wp-json\/wp\/v2\/categories?post=502791"},{"taxonomy":"post_tag","embeddable":true,"href":"https:\/\/www.europesays.com\/de\/wp-json\/wp\/v2\/tags?post=502791"}],"curies":[{"name":"wp","href":"https:\/\/api.w.org\/{rel}","templated":true}]}}