{"id":502795,"date":"2025-10-16T08:59:10","date_gmt":"2025-10-16T08:59:10","guid":{"rendered":"https:\/\/www.europesays.com\/de\/502795\/"},"modified":"2025-10-16T08:59:10","modified_gmt":"2025-10-16T08:59:10","slug":"pflege-bei-demenz-warum-selbstfuersorge-fuer-angehoerige-so-wichtig-ist","status":"publish","type":"post","link":"https:\/\/www.europesays.com\/de\/502795\/","title":{"rendered":"Pflege bei Demenz: Warum Selbstf\u00fcrsorge f\u00fcr Angeh\u00f6rige so wichtig ist"},"content":{"rendered":"<p class=\"date\">16.10.2025 \u2013 10:35<\/p>\n<p class=\"customer\">\n                        <a class=\"story-customer\" title=\"weiter zum newsroom von Alzheimer Forschung Initiative e. V.\" href=\"https:\/\/www.presseportal.de\/nr\/7969\" rel=\"nofollow noopener\" target=\"_blank\">Alzheimer Forschung Initiative e. V.<\/a>\n                    <\/p>\n<p><a data-category=\"citylink-story-view\" data-action=\"click\" data-label=\"Citylink in Meldungsansicht\" class=\"story-city event-trigger\" href=\"https:\/\/www.presseportal.de\/regional\/D%FCsseldorf\" title=\"News aus D\u00fcsseldorf \" rel=\"nofollow noopener\" target=\"_blank\">D\u00fcsseldorf<\/a> (ots)<\/p>\n<p> Die Pflege eines geliebten Menschen mit Demenz ist eine gro\u00dfe Aufgabe, die Kraft, Geduld und emotionale St\u00e4rke verlangt. Tag f\u00fcr Tag k\u00fcmmern sich Angeh\u00f6rige mit Hingabe um Menschen, die zunehmend F\u00e4higkeiten verlieren. Doch oft geschieht das auf Kosten der eigenen Gesundheit. Viele Pflegepersonen stellen ihre Bed\u00fcrfnisse zur\u00fcck, aus Liebe, Pflichtgef\u00fchl oder dem Wunsch, alles &#8222;richtig&#8220; zu machen. <\/p>\n<p> &#8222;Wer st\u00e4ndig \u00fcber die eigenen Grenzen geht, riskiert ernsthafte gesundheitliche Folgen&#8220;, warnt Dr. Anne Pfitzer-Bilsing, Leiterin der Abteilung Wissenschaft bei der gemeinn\u00fctzigen Alzheimer Forschung Initiative. Viele pflegende Angeh\u00f6rige von Menschen mit Demenz sind enormen k\u00f6rperlichen und seelischen Belastung ausgesetzt. Mit der Zeit sind sie besonders gef\u00e4hrdet, an Bluthochdruck, Ersch\u00f6pfung und Depressionen zu erkranken. <\/p>\n<p><b>Entscheidend: Hilfenetzwerk und Selbstf\u00fcrsorge <\/b><\/p>\n<p> Deshalb ist Selbstf\u00fcrsorge kein Luxus, sondern eine Notwendigkeit. &#8222;Nur wer auch auf sich selbst achtet, kann langfristig f\u00fcr andere da sein&#8220;, betont Pfitzer-Bilsing. &#8222;Denn die Pflege eines Menschen mit Demenz ist kein Sprint, sondern ein Marathon &#8211; und daf\u00fcr braucht es Ausdauer, Kraft und Unterst\u00fctzung.&#8220; <\/p>\n<p> Viele Angeh\u00f6rige z\u00f6gern, Hilfe anzunehmen, weil sie glauben, alles allein schaffen zu m\u00fcssen, oder weil es ihnen schwerf\u00e4llt, die Pflege in fremde H\u00e4nde zu geben. Doch bei Demenz stellt sich nicht die Frage, ob Unterst\u00fctzung n\u00f6tig wird, sondern wann. &#8222;Mit dem Fortschreiten der Krankheit wachsen die Anforderungen und Belastungen. Deshalb ist es wichtig, sich fr\u00fchzeitig Unterst\u00fctzung zu organisieren. Ein stabiles Netzwerk aus Fachkr\u00e4ften, Familie und Ehrenamtlichen hilft, die Pflege langfristig zu bew\u00e4ltigen.&#8220; <\/p>\n<p><b>Kleine Pausen &#8211; gro\u00dfe Wirkung<\/b><\/p>\n<p> Selbstf\u00fcrsorge beginnt im Alltag. Schon kurze Auszeiten, beispielsweise ein Spaziergang, ein bewusstes Durchatmen oder ein Moment der Stille k\u00f6nnen helfen, Stress abzubauen. &#8222;Vielen helfen auch Entspannungstechniken wie Yoga oder Meditation, wieder bei sich selbst anzukommen&#8220;, erkl\u00e4rt Pfitzer-Bilsing. &#8222;Auch ausreichender Schlaf, regelm\u00e4\u00dfige Bewegung und eine ausgewogene Ern\u00e4hrung sind wichtig, um langfristig gesund zu bleiben.&#8220; <\/p>\n<p><b>Gef\u00fchle ernst nehmen und Grenzen setzen<\/b><\/p>\n<p> Die Pflege eines geliebten Menschen mit Demenz bedeutet oft auch einen schleichenden Abschied. Gef\u00fchle wie Traurigkeit, Wut oder \u00dcberforderung sind in dieser Situation normal. Wichtig ist, sie nicht zu verdr\u00e4ngen. Gespr\u00e4che mit vertrauten Personen, Selbsthilfegruppen oder eine professionelle Beratung k\u00f6nnen entlasten. Selbstf\u00fcrsorge bedeutet auch, manchmal Grenzen zu setzen, denn niemand kann rund um die Uhr im Einsatz sein. &#8222;Ein Nein ist kein Egoismus &#8211; es ist ein Ja zu den eigenen Bed\u00fcrfnissen&#8220;, so Pfitzer-Bilsing. &#8222;Wer rechtzeitig Pausen einplant und Hilfe sucht, handelt verantwortungsvoll &#8211; f\u00fcr sich selbst und auch f\u00fcr die pflegebed\u00fcrftige Person.&#8220; <\/p>\n<p><b>Kostenloser Ratgeber f\u00fcr Angeh\u00f6rige <\/b><\/p>\n<p> Weitere Informationen f\u00fcr pflegende Angeh\u00f6rige bietet der Ratgeber &#8222;F\u00fcr Menschen mit Demenz da sein &#8211; Orientierung und Hilfe f\u00fcr pflegende Angeh\u00f6rige&#8220;. Die Brosch\u00fcre kann kostenfrei bestellt werden bei der Alzheimer Forschung Initiative e.V., Kreuzstr. 34, 40210 D\u00fcsseldorf; Telefonnummer 0211 &#8211; 86 20 66 0; Webseite:  <a target=\"_blank\" class=\"uri-ext outbound\" rel=\"noopener nofollow\" href=\"http:\/\/www.alzheimer-forschung.de\/angehoerige\">www.alzheimer-forschung.de\/angehoerige<\/a><\/p>\n<p><b>Titelbild zum Download<\/b><\/p>\n<p> <a target=\"_blank\" class=\"uri-ext outbound\" rel=\"noopener nofollow\" href=\"http:\/\/www.alzheimer-forschung.de\/presse\/pressemitteilungen\/meldung\/pflege-selbstfuersorge\/\">www.alzheimer-forschung.de\/presse\/pressemitteilungen\/meldung\/pflege-selbstfuersorge\/<\/a><\/p>\n<p><b>Weiteres kostenloses Fotomaterial<\/b><\/p>\n<p> <a target=\"_blank\" class=\"uri-ext outbound\" rel=\"noopener nofollow\" href=\"http:\/\/www.alzheimer-forschung.de\/presse\/fotos-videos\/\">www.alzheimer-forschung.de\/presse\/fotos-videos\/<\/a><\/p>\n<p><b>\u00dcber die Alzheimer Forschung Initiative e.V.<\/b><\/p>\n<p> Die Alzheimer Forschung Initiative e.V. (AFI) ist ein gemeinn\u00fctziger Verein, der das Spendenzertifikat des Deutschen Spendenrats e.V. tr\u00e4gt. Seit 1995 f\u00f6rdert die AFI mit Spendengeldern Forschungsprojekte engagierter Demenzforscherinnen und -forscher. Seit 2025 stellt die AFI auch F\u00f6rdergelder f\u00fcr Pflegeforschung bereit. Mit kostenlosen Brosch\u00fcren und auf der Website  <a target=\"_blank\" class=\"uri-ext outbound\" rel=\"noopener nofollow\" href=\"http:\/\/www.alzheimer-forschung.de\">www.alzheimer-forschung.de<\/a> informiert die AFI \u00fcber die Alzheimer-Krankheit und andere Demenzen. In 30 Jahren konnte der Verein 421 Forschungsaktivit\u00e4ten mit 18,2 Millionen Euro unterst\u00fctzen und \u00fcber 975.000 Ratgeber und Brosch\u00fcren verteilen. Botschafterin der AFI ist die Journalistin und Sportmoderatorin Okka Gundel. Weitere Informationen zur Arbeit des Vereins und zu Spendenm\u00f6glichkeiten sind zu finden auf  <a target=\"_blank\" class=\"uri-ext outbound\" rel=\"noopener nofollow\" href=\"http:\/\/www.alzheimer-forschung.de\">www.alzheimer-forschung.de<\/a><\/p>\n<p class=\"contact-headline\">Pressekontakt:<\/p>\n<p class=\"contact-text\">Alzheimer Forschung Initiative e.V. (AFI)<br \/>Astrid Marxen<br \/>Kreuzstr. 34<br \/>40210 D\u00fcsseldorf<br \/>0211 &#8211; 86 20 66 28<br \/><a href=\"https:\/\/www.presseportal.de\/pm\/7969\/mailto: presse@alzheimer-forschung.de\" class=\"uri-mailto\" rel=\"nofollow noopener\" target=\"_blank\"> presse@alzheimer-forschung.de<\/a><br \/><a target=\"_blank\" class=\"uri-ext outbound\" rel=\"noopener nofollow\" href=\"https:\/\/www.alzheimer-forschung.de\/presse\">www.alzheimer-forschung.de\/presse<\/a><\/p>\n<p class=\"originator\">Original-Content von: Alzheimer Forschung Initiative e. V., \u00fcbermittelt durch news aktuell<\/p>\n","protected":false},"excerpt":{"rendered":"16.10.2025 \u2013 10:35 Alzheimer Forschung Initiative e. V. D\u00fcsseldorf (ots) Die Pflege eines geliebten Menschen mit Demenz ist&hellip;\n","protected":false},"author":2,"featured_media":386213,"comment_status":"","ping_status":"","sticky":false,"template":"","format":"standard","meta":{"footnotes":""},"categories":[1831],"tags":[125750,3364,1051,29,3405,30,141,1209,9221,178,180,179,181,624,125749],"class_list":{"0":"post-502795","1":"post","2":"type-post","3":"status-publish","4":"format-standard","5":"has-post-thumbnail","7":"category-duesseldorf","8":"tag-angehrige","9":"tag-de","10":"tag-demenz","11":"tag-deutschland","12":"tag-duesseldorf","13":"tag-germany","14":"tag-gesundheit","15":"tag-nordrhein-westfalen","16":"tag-pflege","17":"tag-presse","18":"tag-pressemeldung","19":"tag-pressemitteilung","20":"tag-pressemitteilungen","21":"tag-ratgeber","22":"tag-selbstfrsorge"},"share_on_mastodon":{"url":"https:\/\/pubeurope.com\/@de\/115383026643492555","error":""},"_links":{"self":[{"href":"https:\/\/www.europesays.com\/de\/wp-json\/wp\/v2\/posts\/502795","targetHints":{"allow":["GET"]}}],"collection":[{"href":"https:\/\/www.europesays.com\/de\/wp-json\/wp\/v2\/posts"}],"about":[{"href":"https:\/\/www.europesays.com\/de\/wp-json\/wp\/v2\/types\/post"}],"author":[{"embeddable":true,"href":"https:\/\/www.europesays.com\/de\/wp-json\/wp\/v2\/users\/2"}],"replies":[{"embeddable":true,"href":"https:\/\/www.europesays.com\/de\/wp-json\/wp\/v2\/comments?post=502795"}],"version-history":[{"count":0,"href":"https:\/\/www.europesays.com\/de\/wp-json\/wp\/v2\/posts\/502795\/revisions"}],"wp:featuredmedia":[{"embeddable":true,"href":"https:\/\/www.europesays.com\/de\/wp-json\/wp\/v2\/media\/386213"}],"wp:attachment":[{"href":"https:\/\/www.europesays.com\/de\/wp-json\/wp\/v2\/media?parent=502795"}],"wp:term":[{"taxonomy":"category","embeddable":true,"href":"https:\/\/www.europesays.com\/de\/wp-json\/wp\/v2\/categories?post=502795"},{"taxonomy":"post_tag","embeddable":true,"href":"https:\/\/www.europesays.com\/de\/wp-json\/wp\/v2\/tags?post=502795"}],"curies":[{"name":"wp","href":"https:\/\/api.w.org\/{rel}","templated":true}]}}