{"id":502796,"date":"2025-10-16T09:00:12","date_gmt":"2025-10-16T09:00:12","guid":{"rendered":"https:\/\/www.europesays.com\/de\/502796\/"},"modified":"2025-10-16T09:00:12","modified_gmt":"2025-10-16T09:00:12","slug":"duesseldorf-theodor-heuss-bruecke-gesperrt-verkehr-staut-sich-in-der-stadt","status":"publish","type":"post","link":"https:\/\/www.europesays.com\/de\/502796\/","title":{"rendered":"D\u00fcsseldorf: Theodor-Heuss-Br\u00fccke gesperrt &#8211; Verkehr staut sich in der Stadt"},"content":{"rendered":"<p class=\"text_ohne_einzug richtext text-em-55 !leading-serif mx-6 desktop:mx-0\">  Die Stadt D\u00fcsseldorf f\u00fchrt w\u00e4hrend der Herbstferien Stra\u00dfenbauarbeiten auf der maroden <a href=\"https:\/\/rp-online.de\/thema\/theodor-heuss-bruecke\/\" target=\"_blank\" rel=\"noopener\">Theodor-Heuss-Br\u00fccke<\/a> durch. Das f\u00fchrte am ersten Tag zu zahlreichen Verkehrsbeeintr\u00e4chtigungen. Ein Polizeisprecher sprach von \u201eStaus ohne Ende\u201c.<\/p>\n<p class=\"richtext text-em-55 !leading-serif mx-6 desktop:mx-0\">Die Fahrbahn der Br\u00fccke in Richtung Osten, also stadteinw\u00e4rts, ist seit Mittwochabend gesperrt und bleibt das bis Sonntag, 19. Oktober, 21 Uhr. In der Gegenrichtung sind die Arbeiter dann von Donnerstag, 23. Oktober (21 Uhr), bis Sonntag, 26. Oktober (21 Uhr), aktiv.<\/p>\n<p class=\"richtext text-em-55 !leading-serif mx-6 desktop:mx-0\">Autofahrer sind am Donnerstagmorgen gr\u00f6\u00dftenteils auf die Rheinkniebr\u00fccke ausgewichen. Dort kam es zu langen Staus stadteinw\u00e4rts. Ein Betroffener sagte, er habe f\u00fcr die normalerweise 20 Minuten lange Strecke aus Neuss mehr als eine Stunde ben\u00f6tigt, andere sprachen von noch l\u00e4ngeren Verz\u00f6gerungen.<\/p>\n<p class=\"richtext text-em-55 !leading-serif mx-6 desktop:mx-0\">Die Arbeiten sind n\u00f6tig, weil die Stadt Fahrzeugwaagen auf der maroden Br\u00fccke installieren will. Dazu werden Messbalken und Induktionsschleifen in die Fahrbahn integriert, das sogenannte \u201eWeigh-In-Motion\u201c-System, mit dem die Achslasten der Fahrzeuge w\u00e4hrend der Fahrt ermitteln werden sollen.<\/p>\n<p class=\"richtext text-em-55 !leading-serif mx-6 desktop:mx-0\">Mithilfe dieser erfassten Daten soll der Zusammenhang zwischen Schwerlastverkehr und der Entstehung von Rissen oder anderen Sch\u00e4den an der Theodor-Heuss-Br\u00fccke \u00fcber Monate und Jahre hinweg besser nachvollzogen werden k\u00f6nnen.<\/p>\n<p class=\"richtext text-em-55 !leading-serif mx-6 desktop:mx-0\">Die Messeinrichtung wird sich linksrheinisch zwischen der Stra\u00dfenbr\u00fccke Lotharstra\u00dfe und der Theodor-Heuss-Br\u00fccke befinden. Der Einbau des Systems erfolgt in alle vier Fahrstreifen. Parallel wird der Fahrbahnbelag saniert.<\/p>\n<p class=\"richtext text-em-55 !leading-serif mx-6 desktop:mx-0\">Seit November 2019 ist der Schwerlastverkehr auf der maroden Br\u00fccke verboten. Fahrzeuge mit einem Gewicht von mehr als 30 Tonnen d\u00fcrfen das Bauwerk nicht befahren. Im Gegensatz zum Silhouetten-Blitzer auf der Josef-Kardinal-Frings-Br\u00fccke, auf der bereits Fahrzeuge mit einem Gewicht von mehr als 7,5 Tonnen verboten sind, werden die durch die Fahrzeugwaagen erfassten Daten allerdings nicht geahndet.<\/p>\n<p class=\"richtext text-em-55 !leading-serif mx-6 desktop:mx-0\">Vielmehr will die Stadt dadurch Erkenntnisse gewinnen, wie die Entstehung von Rissen und anderen Sch\u00e4den an der Br\u00fccke mit der Gewichtslast des Verkehrs dauerhaft zusammenh\u00e4ngen.<\/p>\n","protected":false},"excerpt":{"rendered":"Die Stadt D\u00fcsseldorf f\u00fchrt w\u00e4hrend der Herbstferien Stra\u00dfenbauarbeiten auf der maroden Theodor-Heuss-Br\u00fccke durch. Das f\u00fchrte am ersten Tag&hellip;\n","protected":false},"author":2,"featured_media":502797,"comment_status":"","ping_status":"","sticky":false,"template":"","format":"standard","meta":{"footnotes":""},"categories":[1831],"tags":[600,3364,29,74546,3405,71608,30,5783,27897,21857,1209,35918,2224,20213,125751,18688],"class_list":{"0":"post-502796","1":"post","2":"type-post","3":"status-publish","4":"format-standard","5":"has-post-thumbnail","7":"category-duesseldorf","8":"tag-bruecke","9":"tag-de","10":"tag-deutschland","11":"tag-donnerstagmorgen","12":"tag-duesseldorf","13":"tag-fuehrt","14":"tag-germany","15":"tag-gesperrt","16":"tag-heuss","17":"tag-maroden","18":"tag-nordrhein-westfalen","19":"tag-rheinkniebruecke","20":"tag-sperrung","21":"tag-staus","22":"tag-strassenbruecke","23":"tag-theodor"},"share_on_mastodon":{"url":"https:\/\/pubeurope.com\/@de\/115383030566582340","error":""},"_links":{"self":[{"href":"https:\/\/www.europesays.com\/de\/wp-json\/wp\/v2\/posts\/502796","targetHints":{"allow":["GET"]}}],"collection":[{"href":"https:\/\/www.europesays.com\/de\/wp-json\/wp\/v2\/posts"}],"about":[{"href":"https:\/\/www.europesays.com\/de\/wp-json\/wp\/v2\/types\/post"}],"author":[{"embeddable":true,"href":"https:\/\/www.europesays.com\/de\/wp-json\/wp\/v2\/users\/2"}],"replies":[{"embeddable":true,"href":"https:\/\/www.europesays.com\/de\/wp-json\/wp\/v2\/comments?post=502796"}],"version-history":[{"count":0,"href":"https:\/\/www.europesays.com\/de\/wp-json\/wp\/v2\/posts\/502796\/revisions"}],"wp:featuredmedia":[{"embeddable":true,"href":"https:\/\/www.europesays.com\/de\/wp-json\/wp\/v2\/media\/502797"}],"wp:attachment":[{"href":"https:\/\/www.europesays.com\/de\/wp-json\/wp\/v2\/media?parent=502796"}],"wp:term":[{"taxonomy":"category","embeddable":true,"href":"https:\/\/www.europesays.com\/de\/wp-json\/wp\/v2\/categories?post=502796"},{"taxonomy":"post_tag","embeddable":true,"href":"https:\/\/www.europesays.com\/de\/wp-json\/wp\/v2\/tags?post=502796"}],"curies":[{"name":"wp","href":"https:\/\/api.w.org\/{rel}","templated":true}]}}