{"id":502799,"date":"2025-10-16T09:02:17","date_gmt":"2025-10-16T09:02:17","guid":{"rendered":"https:\/\/www.europesays.com\/de\/502799\/"},"modified":"2025-10-16T09:02:17","modified_gmt":"2025-10-16T09:02:17","slug":"altes-schloss-in-stuttgart-neue-mitmachausstellung-fuer-kinder-in-stuttgart-startet","status":"publish","type":"post","link":"https:\/\/www.europesays.com\/de\/502799\/","title":{"rendered":"Altes Schloss in Stuttgart: Neue Mitmachausstellung f\u00fcr Kinder in Stuttgart startet"},"content":{"rendered":"<p>\t\t\t\t\t\t\t\t\t\t\t\t\t\t\t\t\t\t\t\t\t\t\t\t\t\t\t\t      \t\t            \t\t             \t\t\t\t   \t\t\t\t\t   <img decoding=\"async\" id=\"article-image\" fetchpriority=\"high\" alt=\"Altes Schloss in Stuttgart: Neue Mitmachausstellung f\u00fcr Kinder in Stuttgart startet\" title=\"Altes Schloss in Stuttgart: Neue Mitmachausstellung f\u00fcr Kinder in Stuttgart startet\" src=\"https:\/\/www.europesays.com\/de\/wp-content\/uploads\/2025\/10\/media.media.2ac0482d-40d1-46f8-82bc-bfbf23ec6e53.16x9_700.jpg\" data-linkto=\"https:\/\/www.stuttgarter-nachrichten.de\/javascript:void(0);\"\/>\t\t\t\t\t\t\t\t\t\t\t\t\t\t\t\t\t\t\t\t\t\t\t\tIn der neuen Mitmachausstellung geht es um Farben und Formen.\u00a0Foto: Landesmuseum W\u00fcrttemberg\/Jonathan Leliveldt\t\t\t<\/p>\n<p>In der Ausstellung \u201eBUNT\u201c d\u00fcrfen Kinder Kunst und Kultur kreativ erleben. Zur Er\u00f6ffnung gibt es ein kostenloses Programm. Unsere Kinderreporter durften die Ausstellung vorab testen.<\/p>\n<p>Ein Fest der Farben, Formen und Sinneseindr\u00fccke \u2013 das verspricht die neue Mitmachausstellung im Alten Schloss in <a href=\"https:\/\/www.stuttgarter-nachrichten.de\/thema\/Stuttgart\" title=\"Stuttgart\" class=\"art_thema\" target=\"_blank\" rel=\"noopener\">Stuttgart<\/a>. Unter der \u00dcberschrift \u201eBUNT\u201c sind <a href=\"https:\/\/www.stuttgarter-nachrichten.de\/inhalt.schau-we-are-family-in-waldenbuch-das-bietet-die-neue-familien-ausstellung.21d57e60-7cca-407d-851f-fe9f624fffc7.html\" target=\"_blank\" rel=\"noopener\">Kinder dazu eingeladen, ihre kreativen M\u00f6glichkeiten zu entdecken<\/a> und auszuprobieren. So soll das intuitive Erleben von Kunst und Kultur gef\u00f6rdert werden. <\/p>\n<p>Das Kindermuseum im Alten Schloss bezeichnet sich als Junges Schloss. K\u00fcnstlerische Interpretationen zu Themen wie Muster, Licht, Schatten oder Kl\u00e4nge regen zum Mitmachen und Gestalten an und lassen junge Besucherinnen und Besucher mit verschiedenen Sinnen in eine bunte Welt eintauchen. Sie mischen und sortieren die Farben des Regenbogens, lassen Linien tanzen, gestalten Raum mit gro\u00dfen Formbausteinen, legen magische Muster oder musizieren gemeinsam mit rhythmischen Beats. <\/p>\n<p>Die Kinderreporter von <a href=\"https:\/\/www.pauls-kinderzeitung.de\/\" target=\"_blank\" rel=\"noopener\">Pauls Kinderzeitung<\/a> durften die <a href=\"https:\/\/www.stuttgarter-nachrichten.de\/thema\/Ausstellung\" title=\"Ausstellung\" class=\"art_thema\" target=\"_blank\" rel=\"noopener\">Ausstellung<\/a> vorab testen, das Ergebnis sehen Sie im Video: <\/p>\n<p>\u201eBUNT\u201c schl\u00e4gt auch eine Br\u00fccke zu den Sammlungen des Landesmuseums W\u00fcrttemberg. So werden in die Mitmachausstellung f\u00fcr Kinder ausgew\u00e4hlte Exponate aus unterschiedlichen Epochen einbezogen; beispielsweise aus den Bereichen Arch\u00e4ologie, Kunstgeschichte, Popul\u00e4r- und Alltagskultur. Neben ihrer historischen Bedeutung zeichnen sich diese Objekte durch Besonderheiten bei Farbe, Form oder Material aus. Als Maskottchen begleitet ein neugieriger kleiner Punkt die jungen Besucherinnen und Besucher kindgerecht durch die Ausstellung und bietet einen zus\u00e4tzlichen erz\u00e4hlerischen Zugang. <\/p>\n<p>Kinderbeirat hat im Vorfeld Ideen eingebracht <\/p>\n<p>Damit die Umsetzung die W\u00fcnsche der jungen Besucherinnen und Besucher auch erf\u00fcllt, hat das Ausstellungsteam im Vorfeld wieder mit einem Kinderbeirat zusammengearbeitet. Dessen Mitglieder bringen ihre Ideen ein und helfen mit, dass Mitmachstationen wie gro\u00dfe Malw\u00e4nde oder auch Gelegenheiten f\u00fcr Rollenspiele eingeplant werden. Ein inklusiver Ansatz und die Bed\u00fcrfnisse von Menschen mit Behinderungen sind wichtiger Bestandteil der Ausstellungsplanung. Die Stationen sind mehrsinnig angelegt, Videos in deutscher Geb\u00e4rdensprache sowie beschreibende Audiostationen geben jeweils eine Einf\u00fchrung in die Bereiche.<\/p>\n<p>Die neue Mitmach-Ausstellung \u201eBUNT\u201c wird am Wochenende, 18. und 19. Oktober, offiziell er\u00f6ffnet. Gleichzeitig feiert das Kindermuseum des Landesmuseums W\u00fcrttemberg seinen 15. Geburtstag. Aus diesem Anlass ist an beiden Tagen von jeweils 10 bis 17 Uhr ein buntes Programm im Museumsfoyer geboten. Die Teilnahme an dieser Rahmenveranstaltung ist kostenfrei. Der Besuch der Ausstellung ist allerdings kostenpflichtig. Die Karten kosten sieben, erm\u00e4\u00dfigt f\u00fcnf Euro. Es empfiehlt sich dringend online zu reservieren. Die Ausstellung dauert bis 2. August 2026. Ge\u00f6ffnet ist dienstags bis sonntags von 10 bis 17 Uhr. <\/p>\n","protected":false},"excerpt":{"rendered":"In der neuen Mitmachausstellung geht es um Farben und Formen.\u00a0Foto: Landesmuseum W\u00fcrttemberg\/Jonathan Leliveldt In der Ausstellung \u201eBUNT\u201c d\u00fcrfen&hellip;\n","protected":false},"author":2,"featured_media":502800,"comment_status":"","ping_status":"","sticky":false,"template":"","format":"standard","meta":{"footnotes":""},"categories":[1830],"tags":[74481,2076,1634,3364,29,4480,15657,30,125753,125752,96270,2264,1441,5329],"class_list":{"0":"post-502799","1":"post","2":"type-post","3":"status-publish","4":"format-standard","5":"has-post-thumbnail","7":"category-stuttgart","8":"tag-altes-schloss","9":"tag-ausstellung","10":"tag-baden-wuerttemberg","11":"tag-de","12":"tag-deutschland","13":"tag-familienleben","14":"tag-familienzeit","15":"tag-germany","16":"tag-junges-schloss","17":"tag-kinderausstellung","18":"tag-mitmachausstellung","19":"tag-museum","20":"tag-stuttgart","21":"tag-video"},"share_on_mastodon":{"url":"https:\/\/pubeurope.com\/@de\/115383039105077361","error":""},"_links":{"self":[{"href":"https:\/\/www.europesays.com\/de\/wp-json\/wp\/v2\/posts\/502799","targetHints":{"allow":["GET"]}}],"collection":[{"href":"https:\/\/www.europesays.com\/de\/wp-json\/wp\/v2\/posts"}],"about":[{"href":"https:\/\/www.europesays.com\/de\/wp-json\/wp\/v2\/types\/post"}],"author":[{"embeddable":true,"href":"https:\/\/www.europesays.com\/de\/wp-json\/wp\/v2\/users\/2"}],"replies":[{"embeddable":true,"href":"https:\/\/www.europesays.com\/de\/wp-json\/wp\/v2\/comments?post=502799"}],"version-history":[{"count":0,"href":"https:\/\/www.europesays.com\/de\/wp-json\/wp\/v2\/posts\/502799\/revisions"}],"wp:featuredmedia":[{"embeddable":true,"href":"https:\/\/www.europesays.com\/de\/wp-json\/wp\/v2\/media\/502800"}],"wp:attachment":[{"href":"https:\/\/www.europesays.com\/de\/wp-json\/wp\/v2\/media?parent=502799"}],"wp:term":[{"taxonomy":"category","embeddable":true,"href":"https:\/\/www.europesays.com\/de\/wp-json\/wp\/v2\/categories?post=502799"},{"taxonomy":"post_tag","embeddable":true,"href":"https:\/\/www.europesays.com\/de\/wp-json\/wp\/v2\/tags?post=502799"}],"curies":[{"name":"wp","href":"https:\/\/api.w.org\/{rel}","templated":true}]}}