{"id":502812,"date":"2025-10-16T09:09:16","date_gmt":"2025-10-16T09:09:16","guid":{"rendered":"https:\/\/www.europesays.com\/de\/502812\/"},"modified":"2025-10-16T09:09:16","modified_gmt":"2025-10-16T09:09:16","slug":"aus-dem-vatikan-nach-hamburg-gloria-brunis-requiem-ist-zurueck","status":"publish","type":"post","link":"https:\/\/www.europesays.com\/de\/502812\/","title":{"rendered":"Aus dem Vatikan nach Hamburg: Gloria Brunis Requiem ist zur\u00fcck"},"content":{"rendered":"<p>        <img decoding=\"async\" src=\"https:\/\/www.europesays.com\/de\/wp-content\/uploads\/2025\/10\/bruni144.webp\" alt=\"Gloria Bruni\" title=\"Gloria Bruni | NDR\" class=\"responsive\"\/><\/p>\n<p>AUDIO: G\u00e4nsehaut garantiert: Gloria Brunis Requiem ist zur\u00fcck (3 Min)<\/p>\n<p>\n            Stand: 16.10.2025 08:42 Uhr<\/p>\n<p class=\"preface\">Ein Werk zwischen Rom und Hamburg: Vor 25 Jahren wurde das Werk der Hamburger Komponistin Gloria Bruni im Vatikan uraufgef\u00fchrt. Nun wurde &#8222;Requiem a Roma&#8220; mit Orchester, Chor und viel Emotion im Mariendom in Hamburg aufgef\u00fchrt.<\/p>\n<p class=\"\">&#8222;Requiem a Roma&#8220;: Dieses Musikst\u00fcck hat eine besondere Geschichte und zwar zwischen Rom und Hamburg. Das &#8222;Requiem a Roma&#8220; der Hamburger Komponistin Gloria Bruni wird heute wieder in Hamburg im katholischen Mariendom in St. Georg aufgef\u00fchrt. Und das 25 Jahre nach der Urauff\u00fchrung im Vatikan beim Papst. Es ist ein gro\u00dfes Werk mit gro\u00dfen Gef\u00fchlen mit den Symphoniker aus Hamburg.<\/p>\n<p class=\"\">Dieses Requiem hat ein bisschen Mozart- und Verdi-Vibes. Schon in den ersten Proben ist der Klang da, den sich Gloria Bruni damals beim Komponieren gew\u00fcnscht hat. Sie nickt dem Orchester zu und l\u00e4chelt. &#8222;Die sind motiviert und einige von denen haben es vor 25 Jahren mitgespielt. Das freut mich ganz besonders. Es ist ein Jubil\u00e4um mit den Hamburger Symphonikern. Und die freuen sich auch, dass sie es nochmal spielen k\u00f6nnen.&#8220;<\/p>\n<p>    Urauff\u00fchrung in Rom vor Papst Johannes Paul II<\/p>\n<p>                    <a href=\"https:\/\/www.europesays.com\/de\/wp-content\/uploads\/2025\/10\/bruni-100.webp\" class=\"zoomimage\" title=\"Bild vergr\u00f6\u00dfern\"><\/p>\n<p>        <img decoding=\"async\" src=\"https:\/\/www.europesays.com\/de\/wp-content\/uploads\/2025\/10\/bruni-100.webp\" alt=\"Gloria Bruni und Papst Johannes Paul II.\" title=\"&quot;Requiem a Roma&quot; wurde im November 2000 in der Kirche Sant\u2019Ignazio in Rom zugunsten der Stra\u00dfenkinder des Salesianer-Ordens uraufgef\u00fchrt. | Gloria Bruni\" class=\"responsive\" loading=\"lazy\"\/><\/p>\n<p>                    <\/a><\/p>\n<p>                    &#8222;Requiem a Roma&#8220; wurde im November 2000 in der Kirche Sant\u2019Ignazio in Rom zugunsten der Stra\u00dfenkinder des Salesianer-Ordens uraufgef\u00fchrt.<\/p>\n<p class=\"\">Die Urauff\u00fchrung vor jetzt 25 Jahren mit Papst Johannes Paul II. in Rom tr\u00e4gt Gloria Bruni immer noch im Herzen. &#8222;Das war einer meiner gr\u00f6\u00dften Momente. Ich hatte das gro\u00dfe Gl\u00fcck, dass ich das vor dem Papst habe spielen d\u00fcrfen und zwar in diesem gro\u00dfen Saal von 5.000 Leuten.&#8220; Der Papst wollte sie und das Orchester kennenlernen und Bruni durfte vor ihm niederknien, erinnert sie sich. &#8222;Er hat mir Komplimente als S\u00e4ngerin gemacht, denn damals war ich auch als S\u00e4ngerin aufgetreten.&#8220; Einen Tag nach dieser Auff\u00fchrung, habe Bruni der Privatsekret\u00e4r angerufen und gesagt, dass er von ihrer Musik sehr bewegt wahr. Das sei eine wahre Geschichte, betont Gloria Bruni.<\/p>\n<p>    Musik zum Tr\u00e4umen und Mitsingen<\/p>\n<p>                    <a href=\"https:\/\/www.europesays.com\/de\/wp-content\/uploads\/2025\/10\/bruni150.webp\" class=\"zoomimage\" title=\"Bild vergr\u00f6\u00dfern\"><\/p>\n<p>        <img decoding=\"async\" src=\"https:\/\/www.europesays.com\/de\/wp-content\/uploads\/2025\/10\/bruni150.webp\" alt=\"Eine Frau mit blonden langen Haaren steht vor einer wei\u00df, roten Wand. \" title=\"Gloria Bruni bei der Musical-Premiere von &quot;Billy Elliot&quot; 2017 in Hamburg. | picture alliance \/ Eventpress | Eventpress MP\" class=\"responsive\" loading=\"lazy\"\/><\/p>\n<p>                    <\/a><\/p>\n<p>                    Gloria Bruni bei der Musical-Premiere von &#8222;Billy Elliot&#8220; 2017 in Hamburg.<\/p>\n<p class=\"\">Auch diesmal wird Gloria Bruni wieder selbst in ihrem eigenen Werk singen. Es ist Musik zum Schwelgen und Tr\u00e4umen. Wolf Kerschek dirigiert die Symphoniker Hamburg. &#8222;Es ist sehr zug\u00e4ngliche Musik, die man emotional nachvollziehen kann, die direkt wirkt, ohne dass man eine &#8218;ewige&#8216; Einf\u00fchrung von technischer und philosophischer Natur braucht. Es ist einfach sehr sch\u00f6n.&#8220;<\/p>\n<p class=\"\">Dieses Requiem sei nicht nur Musik zum Entspannen. Zwischenzeitlich gehe es auch richtig zur Sache, betont Gloria Bruni. &#8222;Dann ist ein St\u00fcck da drin, wo auch die Zuschauer gefragt sind, weil sie n\u00e4mlich mitsingen sollen. Solche Sachen baue ich h\u00e4ufiger ein, damit die Zuschauer nicht einschlafen.<\/p>\n<p class=\"\">Ein Requiem ist eigentlich eine Totenmesse. Diese Musik will vor allem eines: Tr\u00f6sten, sagt Bruni. &#8222;Das ist eine Musik, die eigentlich Hoffnung auf das Jenseits gibt. Sie soll nicht traurig sein. Sie soll ergreifen.&#8220;<\/p>\n<p>        <img decoding=\"async\" src=\"https:\/\/www.europesays.com\/de\/wp-content\/uploads\/2025\/08\/kampnagel-110.webp\" alt=\"Gro\u00dfes Orchester und Chor in der Elbphilharmonie\" title=\"Rufus Wainwright  | Kampnagel \/ (c) Intuitive Pictures\" class=\"responsive\" loading=\"lazy\"\/><\/p>\n<p>Mit mehr als 150 Mitwirkenden bringt Rufus Wainwright sein episches Werk in die Elbphilharmonie &#8211; auch heute mit der franz\u00f6sischen Schauspielerin Isabelle Huppert.<\/p>\n<p>        <img decoding=\"async\" src=\"https:\/\/www.europesays.com\/de\/wp-content\/uploads\/2025\/10\/argarichfestival-100.webp\" alt=\"Mischa Maisky und Martha Argarich beim Schlussablauss in der Laeiszhalle\" title=\"Mischa Maisky und Martha Argarich beim Schlussablauss in der Laeiszhalle | Daniel Dittus\/Symphoniker Hamburg\" class=\"responsive\" loading=\"lazy\"\/><\/p>\n<p>Die 84-J\u00e4hrige ist bei ihrem gleichnamigen Festival in Hamburg aufgetreten. An ihrer Seite: Der 77-j\u00e4hrige Cellist Mischa Maisky.<\/p>\n","protected":false},"excerpt":{"rendered":"AUDIO: G\u00e4nsehaut garantiert: Gloria Brunis Requiem ist zur\u00fcck (3 Min) Stand: 16.10.2025 08:42 Uhr Ein Werk zwischen Rom&hellip;\n","protected":false},"author":2,"featured_media":502813,"comment_status":"","ping_status":"","sticky":false,"template":"","format":"standard","meta":{"footnotes":""},"categories":[1826],"tags":[3274,29,30,125755,692,125756,810,100197,16519,125754],"class_list":{"0":"post-502812","1":"post","2":"type-post","3":"status-publish","4":"format-standard","5":"has-post-thumbnail","7":"category-hamburg","8":"tag-kirche","9":"tag-deutschland","10":"tag-germany","11":"tag-gloria-bruni","12":"tag-hamburg","13":"tag-mariendom","14":"tag-musik","15":"tag-ndr-kultur","16":"tag-papst","17":"tag-requiem-a-roma"},"share_on_mastodon":{"url":"https:\/\/pubeurope.com\/@de\/115383066157739168","error":""},"_links":{"self":[{"href":"https:\/\/www.europesays.com\/de\/wp-json\/wp\/v2\/posts\/502812","targetHints":{"allow":["GET"]}}],"collection":[{"href":"https:\/\/www.europesays.com\/de\/wp-json\/wp\/v2\/posts"}],"about":[{"href":"https:\/\/www.europesays.com\/de\/wp-json\/wp\/v2\/types\/post"}],"author":[{"embeddable":true,"href":"https:\/\/www.europesays.com\/de\/wp-json\/wp\/v2\/users\/2"}],"replies":[{"embeddable":true,"href":"https:\/\/www.europesays.com\/de\/wp-json\/wp\/v2\/comments?post=502812"}],"version-history":[{"count":0,"href":"https:\/\/www.europesays.com\/de\/wp-json\/wp\/v2\/posts\/502812\/revisions"}],"wp:featuredmedia":[{"embeddable":true,"href":"https:\/\/www.europesays.com\/de\/wp-json\/wp\/v2\/media\/502813"}],"wp:attachment":[{"href":"https:\/\/www.europesays.com\/de\/wp-json\/wp\/v2\/media?parent=502812"}],"wp:term":[{"taxonomy":"category","embeddable":true,"href":"https:\/\/www.europesays.com\/de\/wp-json\/wp\/v2\/categories?post=502812"},{"taxonomy":"post_tag","embeddable":true,"href":"https:\/\/www.europesays.com\/de\/wp-json\/wp\/v2\/tags?post=502812"}],"curies":[{"name":"wp","href":"https:\/\/api.w.org\/{rel}","templated":true}]}}