{"id":502814,"date":"2025-10-16T09:10:14","date_gmt":"2025-10-16T09:10:14","guid":{"rendered":"https:\/\/www.europesays.com\/de\/502814\/"},"modified":"2025-10-16T09:10:14","modified_gmt":"2025-10-16T09:10:14","slug":"stimmung-der-hamburger-wirtschaft-hat-sich-verschlechtert","status":"publish","type":"post","link":"https:\/\/www.europesays.com\/de\/502814\/","title":{"rendered":"Stimmung der Hamburger Wirtschaft hat sich verschlechtert"},"content":{"rendered":"<p class=\"is-first-paragraph\" data-external=\"Article.FirstParagraph\">Die Stimmung in der Hamburger Wirtschaft hat sich verschlechtert. Auf einer Skala von 0 bis 200 bewerteten Unternehmen das Gesch\u00e4ftsklima im dritten Quartal durchschnittlich mit 84,4 Punkten, wie die Handelskammer Hamburg mitteilte. Das entspricht einem R\u00fcckgang um 10,5 Punkte zum Vorquartal.<\/p>\n<p>\u00abUnsere Unternehmen senden ein klares Alarmsignal\u00bb, sagte der Hauptgesch\u00e4ftsf\u00fchrer der Handelskammer, Malte Heyne. \u00abSie brauchen dringend einen Befreiungsschlag bei b\u00fcrokratischen Hemmnissen.\u00bb<\/p>\n<p>Das Gesch\u00e4ftsklima setzt sich aus Angaben der Unternehmen zur Gesch\u00e4ftslage und -erwartung zusammen. Die Handelskammer wertete nach eigenen Angaben 587 Antworten aus, die zwischen dem 18. September und 6. Oktober eingingen.<\/p>\n<p>Das hei\u00dft auch, dass zwei f\u00fcr die Wirtschaft wichtige Entscheidungen nicht in die Umfrage eingeflossen sind: Klimaneutralit\u00e4t soll in Hamburg 2040 statt 2045 erreicht werden, und das Bundesverwaltungsgericht stufte die Planung der A26-Ost teils als rechtswidrig ein.<\/p>\n<p>Die Stimmung der lokalen Wirtschaft ist auch langfristig betrachtet eher schlecht. Der Mittelwert des Gesch\u00e4ftsklimas lag seit 2000 bei 106,3 Punkten.<\/p>\n","protected":false},"excerpt":{"rendered":"Die Stimmung in der Hamburger Wirtschaft hat sich verschlechtert. Auf einer Skala von 0 bis 200 bewerteten Unternehmen&hellip;\n","protected":false},"author":2,"featured_media":502815,"comment_status":"","ping_status":"","sticky":false,"template":"","format":"standard","meta":{"footnotes":""},"categories":[1826],"tags":[29,30,692],"class_list":{"0":"post-502814","1":"post","2":"type-post","3":"status-publish","4":"format-standard","5":"has-post-thumbnail","7":"category-hamburg","8":"tag-deutschland","9":"tag-germany","10":"tag-hamburg"},"share_on_mastodon":{"url":"https:\/\/pubeurope.com\/@de\/115383069949503799","error":""},"_links":{"self":[{"href":"https:\/\/www.europesays.com\/de\/wp-json\/wp\/v2\/posts\/502814","targetHints":{"allow":["GET"]}}],"collection":[{"href":"https:\/\/www.europesays.com\/de\/wp-json\/wp\/v2\/posts"}],"about":[{"href":"https:\/\/www.europesays.com\/de\/wp-json\/wp\/v2\/types\/post"}],"author":[{"embeddable":true,"href":"https:\/\/www.europesays.com\/de\/wp-json\/wp\/v2\/users\/2"}],"replies":[{"embeddable":true,"href":"https:\/\/www.europesays.com\/de\/wp-json\/wp\/v2\/comments?post=502814"}],"version-history":[{"count":0,"href":"https:\/\/www.europesays.com\/de\/wp-json\/wp\/v2\/posts\/502814\/revisions"}],"wp:featuredmedia":[{"embeddable":true,"href":"https:\/\/www.europesays.com\/de\/wp-json\/wp\/v2\/media\/502815"}],"wp:attachment":[{"href":"https:\/\/www.europesays.com\/de\/wp-json\/wp\/v2\/media?parent=502814"}],"wp:term":[{"taxonomy":"category","embeddable":true,"href":"https:\/\/www.europesays.com\/de\/wp-json\/wp\/v2\/categories?post=502814"},{"taxonomy":"post_tag","embeddable":true,"href":"https:\/\/www.europesays.com\/de\/wp-json\/wp\/v2\/tags?post=502814"}],"curies":[{"name":"wp","href":"https:\/\/api.w.org\/{rel}","templated":true}]}}