{"id":502824,"date":"2025-10-16T09:15:13","date_gmt":"2025-10-16T09:15:13","guid":{"rendered":"https:\/\/www.europesays.com\/de\/502824\/"},"modified":"2025-10-16T09:15:13","modified_gmt":"2025-10-16T09:15:13","slug":"angola-wird-offizielles-gastland-der-itb-berlin-2026-news-tip","status":"publish","type":"post","link":"https:\/\/www.europesays.com\/de\/502824\/","title":{"rendered":"Angola wird offizielles Gastland der ITB Berlin 2026 \u00bb news | tip"},"content":{"rendered":"<p>Angola wird offizielles Gastland der ITB Berlin 2026. Das gab die Messe Berlin gemeinsam mit dem Tourismusministerium der Republik Angola im Rahmen eines offiziellen Termins bekannt. Der Vertrag zur Partnerschaft wurde von M\u00e1rcio de Jesus Lopes Daniel, Tourismusminister von Angola, und Dirk Hoffmann, Gesch\u00e4ftsf\u00fchrer der Messe Berlin, unterzeichnet.<\/p>\n<p>Touristische B\u00fchne f\u00fcr ein vielf\u00e4ltiges Reiseland<\/p>\n<p>Unter dem neuen Markenauftritt \u201eVisit Angola \u2013 The Rhythm of Life\u201c will sich Angola als authentische und vielf\u00e4ltige Destination pr\u00e4sentieren. Gezeigt werden soll ein Land mit unber\u00fchrten Nationalparks, W\u00fcstenlandschaften, Wasserf\u00e4llen, K\u00fcstenregionen sowie einer reichen kulturellen und kulinarischen Tradition. Ziel ist es, das touristische Potenzial Angolas st\u00e4rker in den internationalen Fokus zu r\u00fccken.<\/p>\n<p>Die offizielle Er\u00f6ffnungsgala als Auftakt der ITB Berlin findet am 2. M\u00e4rz 2026 im CityCube Berlin statt. Vom 3. bis 5. M\u00e4rz wird Angola mit einem vielseitigen L\u00e4nderauftritt auf dem Berliner Messegel\u00e4nde vertreten sein.<\/p>\n<p>Jubil\u00e4umsausgabe der ITB Berlin<\/p>\n<p>Die ITB Berlin feiert 2026 ihr 60-j\u00e4hriges Bestehen. Seit ihrer Gr\u00fcndung 1966 hat sich die Messe zur weltweit f\u00fchrenden Fachmesse der internationalen Reiseindustrie entwickelt. Das Markenportfolio umfasst neben der Leitmesse in Berlin auch die ITB Asia, ITB China, ITB India und ab 2026 die neue ITB Americas.<\/p>\n<p><strong>Weitere Informationen zum Gastland Angola unter:<\/strong> <a href=\"http:\/\/www.angolatourism.com\" target=\"_blank\" rel=\"nofollow noopener\">www.angolatourism.com<\/a> (red)<\/p>\n","protected":false},"excerpt":{"rendered":"Angola wird offizielles Gastland der ITB Berlin 2026. Das gab die Messe Berlin gemeinsam mit dem Tourismusministerium der&hellip;\n","protected":false},"author":2,"featured_media":502825,"comment_status":"","ping_status":"","sticky":false,"template":"","format":"standard","meta":{"footnotes":""},"categories":[1825],"tags":[63821,296,29,40101,125761,30,125757,125760,125758,125759,47,11054,125762,125763],"class_list":{"0":"post-502824","1":"post","2":"type-post","3":"status-publish","4":"format-standard","5":"has-post-thumbnail","7":"category-berlin","8":"tag-angola","9":"tag-berlin","10":"tag-deutschland","11":"tag-fachmesse","12":"tag-gastloand","13":"tag-germany","14":"tag-itb","15":"tag-itb-2026","16":"tag-itb-berlin","17":"tag-itb-berlin-2026","18":"tag-messe","19":"tag-messe-berlin","20":"tag-reisemesse","21":"tag-visit-angola"},"share_on_mastodon":{"url":"https:\/\/pubeurope.com\/@de\/115383089675284416","error":""},"_links":{"self":[{"href":"https:\/\/www.europesays.com\/de\/wp-json\/wp\/v2\/posts\/502824","targetHints":{"allow":["GET"]}}],"collection":[{"href":"https:\/\/www.europesays.com\/de\/wp-json\/wp\/v2\/posts"}],"about":[{"href":"https:\/\/www.europesays.com\/de\/wp-json\/wp\/v2\/types\/post"}],"author":[{"embeddable":true,"href":"https:\/\/www.europesays.com\/de\/wp-json\/wp\/v2\/users\/2"}],"replies":[{"embeddable":true,"href":"https:\/\/www.europesays.com\/de\/wp-json\/wp\/v2\/comments?post=502824"}],"version-history":[{"count":0,"href":"https:\/\/www.europesays.com\/de\/wp-json\/wp\/v2\/posts\/502824\/revisions"}],"wp:featuredmedia":[{"embeddable":true,"href":"https:\/\/www.europesays.com\/de\/wp-json\/wp\/v2\/media\/502825"}],"wp:attachment":[{"href":"https:\/\/www.europesays.com\/de\/wp-json\/wp\/v2\/media?parent=502824"}],"wp:term":[{"taxonomy":"category","embeddable":true,"href":"https:\/\/www.europesays.com\/de\/wp-json\/wp\/v2\/categories?post=502824"},{"taxonomy":"post_tag","embeddable":true,"href":"https:\/\/www.europesays.com\/de\/wp-json\/wp\/v2\/tags?post=502824"}],"curies":[{"name":"wp","href":"https:\/\/api.w.org\/{rel}","templated":true}]}}