{"id":502826,"date":"2025-10-16T09:16:13","date_gmt":"2025-10-16T09:16:13","guid":{"rendered":"https:\/\/www.europesays.com\/de\/502826\/"},"modified":"2025-10-16T09:16:13","modified_gmt":"2025-10-16T09:16:13","slug":"festival-of-lights-2025-in-berlin-mit-neuem-besucherrekord-zu-ende-gegangen","status":"publish","type":"post","link":"https:\/\/www.europesays.com\/de\/502826\/","title":{"rendered":"FESTIVAL OF LIGHTS 2025 in Berlin mit neuem Besucherrekord zu Ende gegangen"},"content":{"rendered":"<p class=\"date\">16.10.2025 \u2013 11:00<\/p>\n<p class=\"customer\">\n                        <a class=\"story-customer\" title=\"weiter zum newsroom von Festival of Lights\" href=\"https:\/\/www.presseportal.de\/nr\/74846\" target=\"_blank\" rel=\"noopener\">Festival of Lights<\/a>\n                    <\/p>\n<p><a class=\"glightbox event-trigger\" href=\"https:\/\/cache.pressmailing.net\/thumbnail\/story_hires\/2c7f6918-07a7-442f-b6c6-6e7da745fee6\/Foto%20Brandenburger%20T~tival%20of%20Lights.jpg.jpg\" data-description=\"Brandenburger Tor im Festival of Lights 2025 \/ Weiterer Text \u00fcber ots und www.presseportal.de\/nr\/74846 \/ Die Verwendung dieses Bildes f\u00fcr redaktionelle Zwecke ist unter Beachtung aller mitgeteilten Nutzungsbedingungen zul\u00e4ssig und dann auch honorarfrei. Ver\u00f6ffentlichung ausschlie\u00dflich mit Bildrechte-Hinweis.\" data-category=\"medialightbox\" data-action=\"click\" data-label=\"single\" data-value=\"68f09b97270000fd2cb9440a\" target=\"_blank\" rel=\"noopener\"><img decoding=\"async\" height=\"540\" with=\"720\" src=\"https:\/\/www.europesays.com\/de\/wp-content\/uploads\/2025\/10\/festival-of-lights-2025-in-berlin-mit-neuem-besucherrekord-zu-ende-gegangen.jpeg\"   alt=\"FESTIVAL OF LIGHTS 2025 in Berlin mit neuem Besucherrekord zu Ende gegangen\" class=\"single\"\/><\/a><\/p>\n<p><a data-category=\"citylink-story-view\" data-action=\"click\" data-label=\"Citylink in Meldungsansicht\" class=\"story-city event-trigger\" href=\"https:\/\/www.presseportal.de\/regional\/Berlin\" title=\"News aus Berlin \" target=\"_blank\" rel=\"noopener\">Berlin<\/a> (ots)<\/p>\n<ul class=\"naxml-ul\">\n<li> Gr\u00f6\u00dftes Lichtkunst-Festival Europas: Mehr als 3 Millionen Besucherinnen und Besucher an acht Abenden <\/li>\n<li> Rund 600.000 Besucherinnen und Besucher allein am Samstagabend &#8211; neuer Tages-H\u00f6chstwert in der 21-j\u00e4hrigen Festival-Geschichte <\/li>\n<li> 8 ausverkaufte Veranstaltungen des neuen Kultur-Highlights &#8222;Festival of Lights in Concert&#8220; im Berliner Dom mit dreidimensionaler Lichtkunst und weltber\u00fchmten DJs und Musikern begeisterten die Besucher <\/li>\n<\/ul>\n<p> Das 21. Festival of Lights in Berlin ist am Mittwochabend mit einem neuen Besucherrekord zu Ende gegangen. &#8222;Wir freuen uns \u00fcber mehr als drei Millionen Besucherinnen und Besucher an insgesamt acht Abenden,&#8220; zog die Initiatorin und Leiterin des FESTIVAL OF LIGHTS, Birgit Zander, Bilanz. Das Publikums-Feedback sei durchweg fantastisch. &#8222;Jeden Abend waren Hundertausende in Berlin unterwegs, um Lichtkunst von Weltklasse auf den 40 ber\u00fchmtesten Wahrzeichen, Geb\u00e4uden und Pl\u00e4tzen unserer Hauptstadt zu bestaunen&#8220;, so Zander. <\/p>\n<p> Allein am Samstagabend des vergangenen Wochenendes hat es nach Angaben des Veranstalters mit rund 600.000 Zuschauerinnen und Zuschauern einen historischen Tagesrekord in der 21-j\u00e4hrigen Festival-Geschichte gegeben. Das FESTIVAL OF LIGHTS in Berlin ist das gr\u00f6\u00dfte Lichtkunst-Festival Europas. <\/p>\n<p> &#8222;Zu den Publikumslieblingen z\u00e4hlten in diesem Jahr vor allem der Berliner Fernsehturm, der Berliner Dom, der Bebelplatz, das Brandenburger Tor und die Oberbaumbr\u00fccke. An diesen Orten gab es besonders viele Social-Media-Aktivit\u00e4ten der Besucher&#8220;, so Zander. Ein Publikumskommentar brachte es besonders auf den Punkt: &#8222;Es war wirklich ein tolles Gef\u00fchl, Teil dieser Menge zu sein. Menschen unterschiedlicher Nationalit\u00e4ten, Hautfarben, Gemeinschaften und Glaubensrichtungen kamen zusammen, um Licht und Kunst zu genie\u00dfen. Ein wundersch\u00f6nes Gef\u00fchl. Danke.&#8220; <\/p>\n<p> Auf besonders gro\u00dfes Interesse stie\u00df in diesem Jahr auch die neue Veranstaltungsreihe &#8222;Festival of Lights in Concert&#8220; im Berliner Dom. Rund 8.000 Menschen erlebten an f\u00fcnf Abenden eine einzigartige Verbindung von dreidimensionaler Lichtkunst und sph\u00e4rischen Kl\u00e4ngen weltbekannter Musikk\u00fcnstler im monumentalen Innenraum des Doms. &#8222;Alle Veranstaltungen waren ausverkauft, und alle endeten mit begeistertem Jubel im Publikum. Mit dieser einzigartigen Kombination von Licht und Klang in atemberaubender Kulisse haben wir ganz offensichtlich die Herzen vieler Menschen erreicht&#8220;, so Zander. <\/p>\n<p> Wer in diesem Jahr kein Ticket ergattern konnte, kann sich bereits auf das Festival of Lights im n\u00e4chsten Jahr freuen. Zander k\u00fcndigte wegen des gro\u00dfen Erfolgs bereits an, &#8222;Festival of Lights in Concert&#8220; im Berliner Dom werde auch 2026 wieder zum Programm geh\u00f6ren &#8211; mit neuer Lichtkunst und neuen Kl\u00e4ngen. <\/p>\n<p><b>Das FESTIVAL OF LIGHTS 2025 wird erm\u00f6glicht durch Armani beauty, Potsdamer Platz, Universal Pictures mit &#8222;Wicked: Teil 2&#8220;, Disney mit &#8222;TRON: Ares&#8220;, Pandora, Paramount Pictures mit &#8222;The Running Man&#8220;, Universal Music, KIDDINX mit Bibi Blocksberg, die WBM mit dem Nikolaiviertel, die Digitalagentur Berlin, Est\u00e9e Lauder Companies, Das Center am Potsdamer Platz, THF \/ Tempelhof Projekt, World Health Summit, Rausch mit dem Schokoladenhaus am Gendarmenmarkt, die Handwerkskammer Berlin, das Bezirksamt Charlottenburg-Wilmersdorf, SEBRACON, TV-Turm Alexanderplatz, die Humboldt-Universit\u00e4t zu Berlin, Commerz Real, visitBerlin, Europ\u00e4isches Parlament, Fischer &amp; Lustig, ASB W\u00fcnschewagen, Tiny Space, Bezirksamt Lichtenberg, The Ritz-Carlton Berlin, Metropolitankapitel St. Hedwigs-Kathedrale, Dominsel Brandenburg (als Festival-Au\u00dfenstandort ab 11.10.).<\/b><\/p>\n<p class=\"contact-headline\">Pressekontakt:<\/p>\n<p class=\"contact-text\">Zander &amp; Partner Event-Marketing GmbH<br \/>Savignyplatz 6, 10623 Berlin<br \/>E-Mail: <a href=\"https:\/\/www.presseportal.de\/pm\/74846\/mailto: presse@festival-of-lights.de\" class=\"uri-mailto\" target=\"_blank\" rel=\"noopener\"> presse@festival-of-lights.de<\/a><br \/><a target=\"_blank\" class=\"uri-ext outbound\" rel=\"noopener\" href=\"https:\/\/www.festival-of-lights.de\">www.festival-of-lights.de<\/a><\/p>\n<p class=\"originator\">Original-Content von: Festival of Lights, \u00fcbermittelt durch news aktuell<\/p>\n","protected":false},"excerpt":{"rendered":"16.10.2025 \u2013 11:00 Festival of Lights Berlin (ots) Gr\u00f6\u00dftes Lichtkunst-Festival Europas: Mehr als 3 Millionen Besucherinnen und Besucher&hellip;\n","protected":false},"author":2,"featured_media":502827,"comment_status":"","ping_status":"","sticky":false,"template":"","format":"standard","meta":{"footnotes":""},"categories":[1825],"tags":[296,3477,29,2507,30,2075,108987,178,180,179,181,3699],"class_list":{"0":"post-502826","1":"post","2":"type-post","3":"status-publish","4":"format-standard","5":"has-post-thumbnail","7":"category-berlin","8":"tag-berlin","9":"tag-bild","10":"tag-deutschland","11":"tag-freizeit","12":"tag-germany","13":"tag-kunst","14":"tag-lichtkunst","15":"tag-presse","16":"tag-pressemeldung","17":"tag-pressemitteilung","18":"tag-pressemitteilungen","19":"tag-veranstaltung"},"share_on_mastodon":{"url":"https:\/\/pubeurope.com\/@de\/115383094015687115","error":""},"_links":{"self":[{"href":"https:\/\/www.europesays.com\/de\/wp-json\/wp\/v2\/posts\/502826","targetHints":{"allow":["GET"]}}],"collection":[{"href":"https:\/\/www.europesays.com\/de\/wp-json\/wp\/v2\/posts"}],"about":[{"href":"https:\/\/www.europesays.com\/de\/wp-json\/wp\/v2\/types\/post"}],"author":[{"embeddable":true,"href":"https:\/\/www.europesays.com\/de\/wp-json\/wp\/v2\/users\/2"}],"replies":[{"embeddable":true,"href":"https:\/\/www.europesays.com\/de\/wp-json\/wp\/v2\/comments?post=502826"}],"version-history":[{"count":0,"href":"https:\/\/www.europesays.com\/de\/wp-json\/wp\/v2\/posts\/502826\/revisions"}],"wp:featuredmedia":[{"embeddable":true,"href":"https:\/\/www.europesays.com\/de\/wp-json\/wp\/v2\/media\/502827"}],"wp:attachment":[{"href":"https:\/\/www.europesays.com\/de\/wp-json\/wp\/v2\/media?parent=502826"}],"wp:term":[{"taxonomy":"category","embeddable":true,"href":"https:\/\/www.europesays.com\/de\/wp-json\/wp\/v2\/categories?post=502826"},{"taxonomy":"post_tag","embeddable":true,"href":"https:\/\/www.europesays.com\/de\/wp-json\/wp\/v2\/tags?post=502826"}],"curies":[{"name":"wp","href":"https:\/\/api.w.org\/{rel}","templated":true}]}}