{"id":502828,"date":"2025-10-16T09:17:11","date_gmt":"2025-10-16T09:17:11","guid":{"rendered":"https:\/\/www.europesays.com\/de\/502828\/"},"modified":"2025-10-16T09:17:11","modified_gmt":"2025-10-16T09:17:11","slug":"familie-von-hollywoodstar-diane-keaton-enthuellt-todesursache","status":"publish","type":"post","link":"https:\/\/www.europesays.com\/de\/502828\/","title":{"rendered":"Familie von Hollywoodstar Diane Keaton enth\u00fcllt Todesursache"},"content":{"rendered":"<p>                    Star baute rasant ab<br \/>\n                Diane Keatons Familie enth\u00fcllt Todesursache des Schauspielstars<\/p>\n<p>\t\t\t\t              16.10.2025, 07:42 Uhr<\/p>\n<p>\t\t\t\t\t       Artikel anh\u00f6ren<\/p>\n<p>\t\t\t\t\t\t\tDiese Audioversion wurde k\u00fcnstlich generiert. <a href=\"https:\/\/www.n-tv.de\/23249898\" rel=\"nofollow noopener\" target=\"_blank\">Mehr Infos<\/a><\/p>\n<p><strong>In der vergangenen Woche starb die Oscar-Preistr\u00e4gerin Diane Keaton. Die Schauspielerin wurde 79 Jahre alt. Jetzt machen ihre Angeh\u00f6rigen \u00f6ffentlich, woran der Hollywoodstar gestorben ist. <\/strong><\/p>\n<p>Diane Keatons Familie hat die Todesursache der Schauspielerin bekannt gegeben: Sie starb an einer Lungenentz\u00fcndung, wie ihre Angeh\u00f6rigen dem &#8222;People&#8220;-Magazin erkl\u00e4rten. In einem Statement hei\u00dft es dem Magazin zufolge: &#8222;Die Familie Keaton ist sehr dankbar f\u00fcr die au\u00dfergew\u00f6hnlichen Botschaften der Liebe und Unterst\u00fctzung, die sie in den letzten Tagen f\u00fcr ihre geliebte Diane erhalten hat, die am 11. Oktober an einer Lungenentz\u00fcndung verstorben ist.&#8220;<\/p>\n<p>Weiter erkl\u00e4rte die Familie des Hollywoodstars: &#8222;Sie liebte ihre Tiere und setzte sich unerm\u00fcdlich f\u00fcr Obdachlose ein. Daher w\u00e4ren Spenden in ihrem Gedenken an eine lokale Tafel oder ein Tierheim eine wunderbare und sehr willkommene Ehrung f\u00fcr sie.&#8220;<\/p>\n<p>Keaton war bekannt f\u00fcr ihre Rollen in &#8222;Der Stadtneurotiker&#8220;, in drei &#8222;Der Pate&#8220;-Filmen, &#8222;Was das Herz begehrt&#8220;, &#8222;Reds&#8220;, &#8222;Marvins T\u00f6chter&#8220;, &#8222;Book Club&#8220; und &#8222;Vater der Braut&#8220;. Zudem wurde sie als Mode-Ikone verehrt.<\/p>\n<p>Kollegen w\u00fcrdigen ihr Lebenswerk<\/p>\n<p>Nach der Nachricht von ihrem Tod gab es viele W\u00fcrdigungen von ihren Freunden, ehemaligen Co-Stars und Schauspielkollegen, darunter Bette Midler, Francis Ford Coppola, Kate Hudson, Steve Martin und Jane Fonda.<\/p>\n<p>Der Gesundheitszustand Keatons soll sich in den letzten Monaten vor ihrem Tod rapide verschlechtert haben, berichtete &#8222;People&#8220;. Ein Freund der Schauspielerin erz\u00e4hlte dem Magazin, dass &#8222;sie sehr pl\u00f6tzlich abbaute, was f\u00fcr alle, die sie liebten, herzzerrei\u00dfend war&#8220;. Er f\u00fcgte hinzu: &#8222;Es kam so unerwartet, besonders f\u00fcr jemanden mit so viel Kraft und Lebensfreude.&#8220;<\/p>\n<p>Weiter sagte die anonyme Quelle dem Bericht zufolge: &#8222;In ihren letzten Monaten war sie nur von ihren engsten Familienmitgliedern umgeben, die sich daf\u00fcr entschieden hatten, alles sehr privat zu halten.&#8220; Selbst langj\u00e4hrige Freunde h\u00e4tten nicht genau gewusst, wie sich der Zustand Keatons entwickelte.<\/p>\n","protected":false},"excerpt":{"rendered":"Star baute rasant ab Diane Keatons Familie enth\u00fcllt Todesursache des Schauspielstars 16.10.2025, 07:42 Uhr Artikel anh\u00f6ren Diese Audioversion&hellip;\n","protected":false},"author":2,"featured_media":502829,"comment_status":"","ping_status":"","sticky":false,"template":"","format":"standard","meta":{"footnotes":""},"categories":[1776],"tags":[1801,29,214,30,683,95,1802,3259,1719,1720,215],"class_list":{"0":"post-502828","1":"post","2":"type-post","3":"status-publish","4":"format-standard","5":"has-post-thumbnail","7":"category-prominente","8":"tag-celebrities","9":"tag-deutschland","10":"tag-entertainment","11":"tag-germany","12":"tag-hollywood","13":"tag-kino","14":"tag-prominente","15":"tag-tod","16":"tag-todesfaelle","17":"tag-todesursache","18":"tag-unterhaltung"},"share_on_mastodon":{"url":"https:\/\/pubeurope.com\/@de\/115383097597665799","error":""},"_links":{"self":[{"href":"https:\/\/www.europesays.com\/de\/wp-json\/wp\/v2\/posts\/502828","targetHints":{"allow":["GET"]}}],"collection":[{"href":"https:\/\/www.europesays.com\/de\/wp-json\/wp\/v2\/posts"}],"about":[{"href":"https:\/\/www.europesays.com\/de\/wp-json\/wp\/v2\/types\/post"}],"author":[{"embeddable":true,"href":"https:\/\/www.europesays.com\/de\/wp-json\/wp\/v2\/users\/2"}],"replies":[{"embeddable":true,"href":"https:\/\/www.europesays.com\/de\/wp-json\/wp\/v2\/comments?post=502828"}],"version-history":[{"count":0,"href":"https:\/\/www.europesays.com\/de\/wp-json\/wp\/v2\/posts\/502828\/revisions"}],"wp:featuredmedia":[{"embeddable":true,"href":"https:\/\/www.europesays.com\/de\/wp-json\/wp\/v2\/media\/502829"}],"wp:attachment":[{"href":"https:\/\/www.europesays.com\/de\/wp-json\/wp\/v2\/media?parent=502828"}],"wp:term":[{"taxonomy":"category","embeddable":true,"href":"https:\/\/www.europesays.com\/de\/wp-json\/wp\/v2\/categories?post=502828"},{"taxonomy":"post_tag","embeddable":true,"href":"https:\/\/www.europesays.com\/de\/wp-json\/wp\/v2\/tags?post=502828"}],"curies":[{"name":"wp","href":"https:\/\/api.w.org\/{rel}","templated":true}]}}