{"id":502856,"date":"2025-10-16T09:32:19","date_gmt":"2025-10-16T09:32:19","guid":{"rendered":"https:\/\/www.europesays.com\/de\/502856\/"},"modified":"2025-10-16T09:32:19","modified_gmt":"2025-10-16T09:32:19","slug":"eltern-kaempfen-fuer-flexible-betreuung","status":"publish","type":"post","link":"https:\/\/www.europesays.com\/de\/502856\/","title":{"rendered":"Eltern k\u00e4mpfen f\u00fcr flexible Betreuung"},"content":{"rendered":"<p class=\"text_ohne_einzug richtext text-em-55 !leading-serif mx-6 desktop:mx-0\">Die Debatte um die Zukunft des Offenen Ganztags an D\u00fcsseldorfer Grundschulen l\u00e4uft auch nach Abschluss der Anmeldungen f\u00fcr das kommende Schuljahr weiter. Grund ist die andauernde Verunsicherung zahlreicher Eltern, die nach Bekanntwerden des neuen st\u00e4dtischen Konzepts mit Abholzeiten um 14, 15 und 16 Uhr Einbu\u00dfen bei der Flexibilit\u00e4t der Nachmittagsbetreuung bef\u00fcrchten.<\/p>\n","protected":false},"excerpt":{"rendered":"Die Debatte um die Zukunft des Offenen Ganztags an D\u00fcsseldorfer Grundschulen l\u00e4uft auch nach Abschluss der Anmeldungen f\u00fcr&hellip;\n","protected":false},"author":2,"featured_media":502857,"comment_status":"","ping_status":"","sticky":false,"template":"","format":"standard","meta":{"footnotes":""},"categories":[1853],"tags":[3827,102749,1424,32513,81786,3364,29,3405,548,663,3934,30,13,7006,7013,37018,14,15,1209,12],"class_list":{"0":"post-502856","1":"post","2":"type-post","3":"status-publish","4":"format-standard","5":"has-post-thumbnail","7":"category-aachen","8":"tag-anmeldungen","9":"tag-grundschulkinder","10":"tag-aachen","11":"tag-agenda","12":"tag-betreut","13":"tag-de","14":"tag-deutschland","15":"tag-duesseldorf","16":"tag-eu","17":"tag-europa","18":"tag-europe","19":"tag-germany","20":"tag-headlines","21":"tag-janssen","22":"tag-joerg","23":"tag-nachmittag","24":"tag-nachrichten","25":"tag-news","26":"tag-nordrhein-westfalen","27":"tag-schlagzeilen"},"share_on_mastodon":{"url":"https:\/\/pubeurope.com\/@de\/115383156561946071","error":""},"_links":{"self":[{"href":"https:\/\/www.europesays.com\/de\/wp-json\/wp\/v2\/posts\/502856","targetHints":{"allow":["GET"]}}],"collection":[{"href":"https:\/\/www.europesays.com\/de\/wp-json\/wp\/v2\/posts"}],"about":[{"href":"https:\/\/www.europesays.com\/de\/wp-json\/wp\/v2\/types\/post"}],"author":[{"embeddable":true,"href":"https:\/\/www.europesays.com\/de\/wp-json\/wp\/v2\/users\/2"}],"replies":[{"embeddable":true,"href":"https:\/\/www.europesays.com\/de\/wp-json\/wp\/v2\/comments?post=502856"}],"version-history":[{"count":0,"href":"https:\/\/www.europesays.com\/de\/wp-json\/wp\/v2\/posts\/502856\/revisions"}],"wp:featuredmedia":[{"embeddable":true,"href":"https:\/\/www.europesays.com\/de\/wp-json\/wp\/v2\/media\/502857"}],"wp:attachment":[{"href":"https:\/\/www.europesays.com\/de\/wp-json\/wp\/v2\/media?parent=502856"}],"wp:term":[{"taxonomy":"category","embeddable":true,"href":"https:\/\/www.europesays.com\/de\/wp-json\/wp\/v2\/categories?post=502856"},{"taxonomy":"post_tag","embeddable":true,"href":"https:\/\/www.europesays.com\/de\/wp-json\/wp\/v2\/tags?post=502856"}],"curies":[{"name":"wp","href":"https:\/\/api.w.org\/{rel}","templated":true}]}}