{"id":502858,"date":"2025-10-16T09:33:19","date_gmt":"2025-10-16T09:33:19","guid":{"rendered":"https:\/\/www.europesays.com\/de\/502858\/"},"modified":"2025-10-16T09:33:19","modified_gmt":"2025-10-16T09:33:19","slug":"schleswig-holstein-aktuell-nachrichten-im-ueberblick-87","status":"publish","type":"post","link":"https:\/\/www.europesays.com\/de\/502858\/","title":{"rendered":"Schleswig-Holstein aktuell: Nachrichten im \u00dcberblick"},"content":{"rendered":"<p>        <img decoding=\"async\" src=\"https:\/\/www.europesays.com\/de\/wp-content\/uploads\/2025\/08\/nachrichtenkompakt126.webp\" alt=\"Grafik: Eine Sprechblase, in der die Kontur des Landes Schleswig-Holstein abgebildet ist.\" title=\"Grafik: Eine Sprechblase, in der die Kontur des Landes Schleswig-Holstein abgebildet ist. | NDR\" class=\"responsive\"\/><\/p>\n<p>\n            Stand: 16.10.2025 10:38 Uhr<\/p>\n<p class=\"preface\">Nachrichten aus Schleswig-Holstein vom 16. Oktober 2025 &#8211; kompakt und aktuell im Newsblog von NDR SH: Lesen Sie hier im \u00dcberblick, was im Land passiert und noch wichtig wird.<\/p>\n<p class=\"\"><strong>Das Wichtigste in K\u00fcrze:<\/strong><\/p>\n<p>\n        10:20 Uhr\n    <\/p>\n<p>    Schiffsbrand in Wewelsfleth &#8211; lange L\u00f6scharbeiten<\/p>\n<p>                    <a href=\"https:\/\/www.europesays.com\/de\/wp-content\/uploads\/2025\/10\/wewelsfleth-104.webp\" class=\"zoomimage\" title=\"Bild vergr\u00f6\u00dfern\"><\/p>\n<p>        <img decoding=\"async\" src=\"https:\/\/www.europesays.com\/de\/wp-content\/uploads\/2025\/10\/wewelsfleth-104.webp\" alt=\"Ein brennendes Schiff, im Vordergrund die Feuerwehr bei L\u00f6scharbeiten\" title=\"Die L\u00f6scharbeiten dauerten sechs Stunden. | Florian Sprenger\" class=\"responsive\" loading=\"lazy\"\/><\/p>\n<p>                    <\/a><\/p>\n<p>                    Die L\u00f6scharbeiten dauerten sechs Stunden.<\/p>\n<p class=\"\">Am Mittwochnachmittag ist in Wewelsfleth in der Peterswarft (<a href=\"https:\/\/www.ndr.de\/nachrichten\/schleswig-holstein\/Steinburg-Aktuelle-Nachrichten-und-Videos,steinburg118.html\" title=\"Steinburg - Aktuelle Nachrichten und Videos\" target=\"_blank\" rel=\"noopener\">Kreis Steinburg<\/a>) auf einem Lotsenschiff ein Feuer ausgebrochen. Es kam laut Leitstelle zu einer starken Rauchentwicklung. Der Brandherd befand sich innerhalb des Schiffes in einem sehr verwinkelten Teil. Der dichte Rauch und die Hitze erschwerten die Arbeit des L\u00f6schtrupps nach eigenen Angaben zus\u00e4tzlich. Knapp sechs Stunden nach der Einsatzmeldung war das Feuer gel\u00f6scht. Es gab keine Verletzten. Zur Brandursache ist noch nichts bekannt. | NDR Schleswig-Holstein 16.10.2025 09:30 Uhr<\/p>\n<p>\n        09:45 Uhr\n    <\/p>\n<p>    IHK-Umfrage: Wirtschaft unzufrieden<\/p>\n<p class=\"\">Die Stimmung in den Unternehmen in Schleswig-Holstein hat sich deutlich verschlechtert. Das zeigt eine aktuelle Umfrage der Industrie- und Handelskammer (IHK). Demnach fiel der sogenannte Konjunkturklimaindex im dritten Quartal von knapp 99 Punkten auf rund 86 Punkte. Besonders unzufrieden mit der aktuellen Lage sowie den Zukunftsaussichten ist laut IHK die Industrie im Raum\u00a0<a href=\"https:\/\/www.ndr.de\/nachrichten\/schleswig-holstein\/Luebeck-Aktuelle-Nachrichten-und-Videos-,luebeck2802.html\" title=\"L\u00fcbeck - Aktuelle Nachrichten und Videos\" target=\"_blank\" rel=\"noopener\">L\u00fcbeck<\/a>\u00a0und S\u00fcdholstein. Viele Firmen h\u00e4tten sich von der neuen Bundesregierung mehr erhofft, hei\u00dft es. Neben den politischen Rahmenbedingungen klagen die Unternehmen \u00fcber gestiegene Arbeitskosten, den Fachkr\u00e4ftemangel, die schwache Inlandsnachfrage und die hohen Energie- und Rohstoffpreise. | NDR Schleswig-Holstein 16.10.2025 09:30 Uhr<\/p>\n<p>\n        07:33 Uhr\n    <\/p>\n<p>    Jagdsaison in SH beginnt<\/p>\n<p class=\"\">F\u00fcr viele J\u00e4ger und J\u00e4gerinnen in Schleswig-Holstein gilt der Oktober als Startschuss f\u00fcr die Hauptjagdsaison. Laut Landesjagdverband laufen von nun an viele Treib -und Dr\u00fcckjagden. Diese seien wichtig, um den Tierbestand zu regulieren, so der Landesjagdverband. So sollen Sch\u00e4den etwa durch Damm- oder Schwarzwild an landwirtschaftlichen Fl\u00e4chen vermieden werden. In gro\u00dfen Gruppen ziehen die J\u00e4ger und J\u00e4gerinnen mit ihren Hunden durch die W\u00e4lder. Das Ziel: Die Tiere aus ihren Verstecken treiben und sie in Richtung der Sch\u00fctzen dr\u00fccken. Laut Landesjagdverband sollten Autofahrer wie auch Fu\u00dfg\u00e4nger Hinweisschilder, Flatterband oder \u00e4hnliches ernst nehmen. W\u00e4hrend der Bewegungsjagden <a href=\"https:\/\/www.ndr.de\/nachrichten\/schleswig-holstein\/jagdsaison-in-sh-beginnt-vorsicht-vor-wildwechsel,jagdsaison-100.html\" title=\"Jagdsaison in SH beginnt: Vorsicht vor Wildwechsel\" target=\"_blank\" rel=\"noopener\">kann es zu Wildwechsel<\/a> kommen. | NDR Schleswig-Holstein 16.10.2025 08:00 Uhr<\/p>\n<p>        <img decoding=\"async\" src=\"https:\/\/www.europesays.com\/de\/wp-content\/uploads\/2025\/10\/drueckjagd-100.webp\" alt=\"J\u00e4ger mit Hunden sind bei einer Dr\u00fcckjad in einem Wald im Kreis Pinneberg unterwegs.\" title=\"J\u00e4ger mit Hunden sind bei einer Dr\u00fcckjad in einem Wald im Kreis Pinneberg unterwegs. | DJV\" class=\"responsive\" loading=\"lazy\"\/><\/p>\n<p>J\u00e4ger treiben Tiere jetzt aus ihren Verstecken, um sie zu schie\u00dfen. Das sei wichtig, um den Tierbestand zu regulieren.<\/p>\n<p>\n        07:27 Uhr\n    <\/p>\n<p>    Landtag will die AfD verfassungsrechtlich \u00fcberpr\u00fcfen lassen<\/p>\n<p class=\"\">Mit breiter Mehrheit hat der schleswig-holsteinische Landtag am Mittwoch den Weg f\u00fcr eine verfassungsrechtliche \u00dcberpr\u00fcfung der AfD aufgezeigt. Mit den Stimmen von CDU, Gr\u00fcnen, SPD und SSW bat das Parlament die Landesregierung, <a href=\"https:\/\/www.ndr.de\/nachrichten\/schleswig-holstein\/landtag-will-die-afd-verfassungsrechtlich-ueberpruefen-lassen,afd-884.html\" title=\"Landtag in SH will die AfD verfassungsrechtlich \u00fcberpr\u00fcfen lassen\" target=\"_blank\" rel=\"noopener\">ein gestaffeltes Verfahren vorzubereiten<\/a>. Sollte das Verwaltungsgericht K\u00f6ln den Eilantrag der AfD gegen ihre Einstufung als gesichert rechtsextrem ablehnen, soll eine Bund-L\u00e4nder-Arbeitsgruppe eingesetzt werden. Diese soll Belege f\u00fcr ein Verfahren vor dem Bundesverfassungsgericht sammeln. F\u00fchrt dies zu einem belastbaren Ergebnis, solle sich die Landesregierung auf Bundesebene f\u00fcr ein AfD-Verbotsverfahren einsetzen. | NDR Schleswig-Holstein 16.10.2025 06:00 Uhr<\/p>\n<p>        <img decoding=\"async\" src=\"https:\/\/www.europesays.com\/de\/wp-content\/uploads\/2025\/10\/afd-888.webp\" alt=\"Das Logo der Partei AfD\" title=\"Das Logo der Partei AfD | picture alliance, Frank Hoermann\" class=\"responsive\" loading=\"lazy\"\/><\/p>\n<p>CDU, Gr\u00fcne, SPD und SSW stimmten am Mittwoch daf\u00fcr, dass die Landesregierung ein gestaffeltes Verfahren vorbereiten soll.<\/p>\n<p>\n        07:15 Uhr\n    <\/p>\n<p>    Extremismus unterst\u00fctzt? Kieler OB-Kandidat Yilmaz weist Vorw\u00fcrfe zur\u00fcck<\/p>\n<p class=\"\">Der Kieler Oberb\u00fcrgermeister-Kandidat und F\u00fchrungskraft beim Verfassungsschutz, Samet Yilmaz (Gr\u00fcne), soll sich <a href=\"https:\/\/www.ndr.de\/nachrichten\/schleswig-holstein\/textlink-298134~splash.html\" title=\"Spiegel-Bericht\" data-url=\"https:\/\/www.spiegel.de\/politik\/deutschland\/kiel-oberbuergermeister-kandidat-samet-yilmaz-verliert-posten-im-verfassungsschutz-a-3747cb22-5fa8-4d2f-955b-ee4858734ac6\" class=\"js-link-dialog\" data-type=\"external\" target=\"_blank\" rel=\"noopener\">laut dem &#8222;Spiegel&#8220;<\/a> daf\u00fcr eingesetzt haben, dass beim sogenannten &#8222;T\u00fcrkischen Tag&#8220; in <a href=\"https:\/\/www.ndr.de\/nachrichten\/schleswig-holstein\/Kiel-Aktuelle-Nachrichten-News-und-Videos,kiel7262.html\" title=\"Kiel - Aktuelle Nachrichten und Videos\" target=\"_blank\" rel=\"noopener\">Kiel<\/a> die Abbauarbeiten wegen schlechten Wetters erst sp\u00e4ter stattfinden. Das Fest steht beim Verfassungsschutz Schleswig-Holstein im Verdacht, eine Plattform der sogenannten &#8222;Grauen W\u00f6lfe&#8220; zu sein, die als rechtsextremistische Vereinigung eingestuft sind. Yilmaz soll daraufhin seine Sicherheitsfreigabe eingeb\u00fc\u00dft haben und wechselte in eine andere Abteilung im Innenministerium, schreibt das Magazin weiter. Den Vorwurf, eine rechtsextremistische Gruppe zu unterst\u00fctzen, <a href=\"https:\/\/www.ndr.de\/nachrichten\/schleswig-holstein\/extremismus-unterstuetzt-kieler-ob-kandidat-weist-vorwuerfe-zurueck,yilmaz-108.html\" title=\"Extremismus unterst\u00fctzt? Kieler OB-Kandidat weist Vorw\u00fcrfe zur\u00fcck\" target=\"_blank\" rel=\"noopener\">weist Yilmaz jedoch entschieden zur\u00fcck<\/a>. Die \u00dcberschrift im Spiegel bezeichnete er als &#8222;ehrverletzend&#8220;. Er verabscheue t\u00fcrkischen Nationalismus und unterst\u00fctzte keine Extremistinnen und Extremisten. Der Gr\u00fcnen-Politiker r\u00e4umte ein, dass &#8222;das Weiterleiten einer Anfrage des besagten Vereins&#8220; offenbar den hohen Geheimschutzanspr\u00fcchen im Verfassungsschutz nicht entsprach. Die SPD-Landtagsfraktion fordert Aufkl\u00e4rung. | NDR Schleswig-Holstein 16.10.2025 06:00 Uhr<\/p>\n<p>        <img decoding=\"async\" src=\"https:\/\/www.europesays.com\/de\/wp-content\/uploads\/2025\/10\/sametyilmaz-100.webp\" alt=\"Ein Wahlplakat des Kandidaten Dr. Samet Yilmaz zum Ober\u00fcrgermeister\" title=\"Ein Wahlplakat des Kandidaten Dr. Samet Yilmaz zum Ober\u00fcrgermeister | picture alliance\/dpa | Frank Molter ( KI- generatives F\u00fcllen der B\u00e4ume)\" class=\"responsive\" loading=\"lazy\"\/><\/p>\n<p>Laut Spiegel soll Samet Yilmaz ein Fest t\u00fcrkischer Rechtsextremisten unterst\u00fctzt haben. Der Gr\u00fcnen-Politiker bestreitet das, die SPD-Landtagsfraktion fordert Aufkl\u00e4rung.<\/p>\n<p>\n        07:09 Uhr\n    <\/p>\n<p>    Sanierungsstau an Schulen in SH<\/p>\n<p class=\"\">Es gibt weiterhin einen gro\u00dfen Sanierungsstau an Schulen in Schleswig-Holstein. Nach Angaben des Gemeindetags fehlen 1,8 Milliarden Euro, um die knapp 800 allgemeinbildenden und beruflichen Schulen auf einen aktuellen Stand zu bringen. In <a href=\"https:\/\/www.ndr.de\/nachrichten\/schleswig-holstein\/Luebeck-Aktuelle-Nachrichten-und-Videos-,luebeck2802.html\" title=\"L\u00fcbeck - Aktuelle Nachrichten und Videos\" target=\"_blank\" rel=\"noopener\">L\u00fcbeck<\/a> wurde die bereits fest eingeplante Sanierung von mehr als einem Dutzend Schulen gestrichen. Schuld ist die Haushaltslage: 162 Millionen Euro fehlen der Stadt L\u00fcbeck nach eigenen Angaben im kommenden Jahr im Haushalt. Laut B\u00fcrgermeister Jan Lindenau (SPD) kann die Sanierung der Schulen fr\u00fchestens 2030 nachgeholt werden. Davon unber\u00fchrt bleiben sicherheitsrelevante Erneuerungen, zum Beispiel f\u00fcr den Brandschutz. | NDR Schleswig-Holstein 16.10.2025 06:00 Uhr<\/p>\n<p>\n        06:17 Uhr\n    <\/p>\n<p>    Zugverkehr am Hamburger Hauptbahnhof l\u00e4uft wieder<\/p>\n<p class=\"\">Die St\u00f6rung an einem Stellwerk am Hamburger Hauptbahnhof ist laut der Deutschen Bahn behoben. Es k\u00f6nne aber nach wie vor zu einzelnen Ausf\u00e4llen und Versp\u00e4tungen kommen. Am Mittwoch wurde bei Bauarbeiten zwischen Hauptbahnhof und Altona <a href=\"https:\/\/www.ndr.de\/nachrichten\/hamburg\/zugverkehr-am-hamburger-hauptbahnhof-laeuft-wieder,bahn-ausfaelle-102.html\" title=\"Zugverkehr am Hamburger Hauptbahnhof l\u00e4uft wieder\" target=\"_blank\" rel=\"noopener\">ein Kabel besch\u00e4digt<\/a>. Auch in Schleswig-Holstein gab es Probleme: Betroffen waren Z\u00fcge zwischen Hamburg, <a href=\"https:\/\/www.ndr.de\/nachrichten\/schleswig-holstein\/Elmshorn-Aktuelle-Nachrichten-und-Videos,elmshorn556.html\" title=\"Elmshorn: Aktuelle Nachrichten und Videos\" target=\"_blank\" rel=\"noopener\">Elmshorn<\/a> (<a href=\"https:\/\/www.ndr.de\/nachrichten\/schleswig-holstein\/Kreis-Pinneberg-Aktuelle-Nachrichten-und-Videos,pinneberg280.html\" title=\"Kreis Pinneberg - Aktuelle Nachrichten und Videos\" target=\"_blank\" rel=\"noopener\">Kreis Pinneberg<\/a>) und <a href=\"https:\/\/www.ndr.de\/nachrichten\/schleswig-holstein\/Kiel-Aktuelle-Nachrichten-News-und-Videos,kiel7262.html\" title=\"Kiel - Aktuelle Nachrichten und Videos\" target=\"_blank\" rel=\"noopener\">Kiel<\/a>. | NDR Schleswig-Holstein 16.10.2025 05:30 Uhr<\/p>\n<p>        <img decoding=\"async\" src=\"https:\/\/www.europesays.com\/de\/wp-content\/uploads\/2025\/10\/hauptbahnhof-132.webp\" alt=\"Bahnreisende im Hamburger Hauptbahnhof (Archivbild)\" title=\"Bahnreisende im Hamburger Hauptbahnhof (Archivbild) | picture alliance\/dpa | Bodo Marks\" class=\"responsive\" loading=\"lazy\"\/><\/p>\n<p>Nach dem Kabelschaden am Hauptbahnhof der Hansestadt rollen die Z\u00fcge wieder. Dennoch kann es weiter zum Ausfall einzelner Fahrten kommen.<\/p>\n<p>\n        07:35 Uhr\n    <\/p>\n<p>    Das Wetter in Schleswig-Holstein: Viele Wolken, teils Regen<\/p>\n<p class=\"\">Am Donnerstag gibt es bei vielen Wolken gebietsweise etwas Regen, zwischendurch auch Auflockerungen mit Sonne und mancherorts ist es l\u00e4nger trocken. Die H\u00f6chstwerte liegen bei 15 Grad in Nieb\u00fcll (<a href=\"https:\/\/www.ndr.de\/nachrichten\/schleswig-holstein\/Nordfriesland-Aktuelle-Nachrichten-und-Videos,nordfriesland174.html\" title=\"Nordfriesland - Aktuelle Nachrichten und Videos\" target=\"_blank\" rel=\"noopener\">Kreis Nordfriesland<\/a>) und bis 16 Grad in Scharbeutz (<a href=\"https:\/\/www.ndr.de\/nachrichten\/schleswig-holstein\/Ostholstein-Aktuelle-Nachrichten-und-Videos,ostholstein126.html\" title=\"Ostholstein - Aktuelle Nachrichten und Videos\" target=\"_blank\" rel=\"noopener\">Kreis Ostholstein<\/a>). Es weht schwacher bis m\u00e4\u00dfiger, an der See m\u00e4\u00dfiger bis frischer sowie b\u00f6iger bis stark b\u00f6iger Nordwest- bis Westwind, auf den Nordfriesischen Inseln einzelne st\u00fcrmische B\u00f6en. | NDR Schleswig-Holstein 16.10.2025 08:00 Uhr<\/p>\n<p>        <img decoding=\"async\" src=\"https:\/\/www.europesays.com\/de\/wp-content\/uploads\/2025\/10\/wetter-5360.webp\" alt=\"NDR Schleswig-Holstein Moderator Doreen Pelz mit der Wettervorhersage\" title=\"NDR Schleswig-Holstein Moderator Doreen Pelz mit der Wettervorhersage | NDR, NDR Screenshot\" class=\"responsive\" loading=\"lazy\"\/><\/p>\n<p>NDR Schleswig-Holstein Moderatorin Doreen Pelz mit den Aussichten f\u00fcr den 16. Oktober und die kommenden Tage.<\/p>\n<p>        <img decoding=\"async\" src=\"https:\/\/www.europesays.com\/de\/wp-content\/uploads\/2025\/08\/podcastlogo104.webp\" alt=\"Ein Mikrofon vor zwei Menschen.\" title=\"Ein Mikrofon vor zwei Menschen. | NDR, Janis R\u00f6hlig\" class=\"responsive\" loading=\"lazy\"\/><\/p>\n<p>Alles, was f\u00fcr Schleswig-Holstein wichtig ist: Im Nachrichten-Podcast von NDR 1 Welle Nord h\u00f6ren Sie das Neueste aus Schleswig-Holstein, Deutschland und der Welt.<\/p>\n","protected":false},"excerpt":{"rendered":"Stand: 16.10.2025 10:38 Uhr Nachrichten aus Schleswig-Holstein vom 16. Oktober 2025 &#8211; kompakt und aktuell im Newsblog von&hellip;\n","protected":false},"author":2,"featured_media":345359,"comment_status":"","ping_status":"","sticky":false,"template":"","format":"standard","meta":{"footnotes":""},"categories":[1852],"tags":[590,3364,29,548,663,3934,30,13,4949,17462,14,15,12,1971,17461,1973],"class_list":{"0":"post-502858","1":"post","2":"type-post","3":"status-publish","4":"format-standard","5":"has-post-thumbnail","7":"category-kiel","8":"tag-aktuell","9":"tag-de","10":"tag-deutschland","11":"tag-eu","12":"tag-europa","13":"tag-europe","14":"tag-germany","15":"tag-headlines","16":"tag-kiel","17":"tag-kompakt","18":"tag-nachrichten","19":"tag-news","20":"tag-schlagzeilen","21":"tag-schleswig-holstein","22":"tag-ueberblick","23":"tag-wetter"},"share_on_mastodon":{"url":"https:\/\/pubeurope.com\/@de\/115383161210593035","error":""},"_links":{"self":[{"href":"https:\/\/www.europesays.com\/de\/wp-json\/wp\/v2\/posts\/502858","targetHints":{"allow":["GET"]}}],"collection":[{"href":"https:\/\/www.europesays.com\/de\/wp-json\/wp\/v2\/posts"}],"about":[{"href":"https:\/\/www.europesays.com\/de\/wp-json\/wp\/v2\/types\/post"}],"author":[{"embeddable":true,"href":"https:\/\/www.europesays.com\/de\/wp-json\/wp\/v2\/users\/2"}],"replies":[{"embeddable":true,"href":"https:\/\/www.europesays.com\/de\/wp-json\/wp\/v2\/comments?post=502858"}],"version-history":[{"count":0,"href":"https:\/\/www.europesays.com\/de\/wp-json\/wp\/v2\/posts\/502858\/revisions"}],"wp:featuredmedia":[{"embeddable":true,"href":"https:\/\/www.europesays.com\/de\/wp-json\/wp\/v2\/media\/345359"}],"wp:attachment":[{"href":"https:\/\/www.europesays.com\/de\/wp-json\/wp\/v2\/media?parent=502858"}],"wp:term":[{"taxonomy":"category","embeddable":true,"href":"https:\/\/www.europesays.com\/de\/wp-json\/wp\/v2\/categories?post=502858"},{"taxonomy":"post_tag","embeddable":true,"href":"https:\/\/www.europesays.com\/de\/wp-json\/wp\/v2\/tags?post=502858"}],"curies":[{"name":"wp","href":"https:\/\/api.w.org\/{rel}","templated":true}]}}