{"id":502859,"date":"2025-10-16T09:34:12","date_gmt":"2025-10-16T09:34:12","guid":{"rendered":"https:\/\/www.europesays.com\/de\/502859\/"},"modified":"2025-10-16T09:34:12","modified_gmt":"2025-10-16T09:34:12","slug":"blick-ins-innere-eines-wahrzeichens-und-auf-die-geschichte-der-stadt","status":"publish","type":"post","link":"https:\/\/www.europesays.com\/de\/502859\/","title":{"rendered":"Blick ins Innere eines Wahrzeichens und auf die Geschichte der Stadt"},"content":{"rendered":"<p class=\"bold\">\n\t\t\t\t\t\t\t\t\t\tAm 18. Oktober \u00f6ffnen sich die T\u00fcren des Roten Turms. Er beherbergt auch eine Schau zu bedeutenden Pers\u00f6nlichkeiten der Stadtgeschichte.\t\t\t\t<\/p>\n<p>\t\t\t\t\t\t\t\t\t\t\t\t\t\t\t\t\t\t\tChemnitz.<\/p>\n<p>Am 18. Oktober ist der Rote Turm (Foto) von 12 bis 14 Uhr wieder zur Besichtigung ge\u00f6ffnet. Er geh\u00f6rt zu den Wahrzeichen der Stadt <a href=\"https:\/\/www.freiepresse.de\/chemnitz\/ort-chemnitz\" title=\"Nachrichten aus Chemnitz\" class=\"internal-article-link\" data-ct=\"ENTITY\/LOCATION\/KNOWN\/CHEMNITZ\" rel=\"nofollow noopener\" target=\"_blank\">Chemnitz<\/a>. Der Verein AG Roter Turm Chemnitz k\u00fcmmert sich darum, das entsprechend zu w\u00fcrdigen. Das geschieht auch durch die Nutzung als Ausstellungsraum. So beherbergt der Turm die Schau \u201eGro\u00dfe Chemnitzer\u201c, die Pers\u00f6nlichkeiten der Stadtgeschichte in den Fokus r\u00fcckt, wie es ebenso der am Turm befindliche \u201eWalk of Fame\u201c tun will. Seit 2012 werden hier durch den Rotary-Club Chemnitz j\u00e4hrlich neue Pers\u00f6nlichkeiten gew\u00fcrdigt, die mit ihrem Wirken die Entwicklung von Chemnitz gepr\u00e4gt haben. Zu den geehrten Pers\u00f6nlichkeiten geh\u00f6ren der Industrielle Richard Hartmann und der Maler Karl Schmidt-Rottluff. Der Eintritt kostet 2,50 Euro. (reu) Foto: Andreas Seidel<\/p>\n","protected":false},"excerpt":{"rendered":"Am 18. Oktober \u00f6ffnen sich die T\u00fcren des Roten Turms. Er beherbergt auch eine Schau zu bedeutenden Pers\u00f6nlichkeiten&hellip;\n","protected":false},"author":2,"featured_media":502860,"comment_status":"","ping_status":"","sticky":false,"template":"","format":"standard","meta":{"footnotes":""},"categories":[1851],"tags":[2770,3364,29,548,663,3934,30,13,5331,14,15,859,12],"class_list":{"0":"post-502859","1":"post","2":"type-post","3":"status-publish","4":"format-standard","5":"has-post-thumbnail","7":"category-chemnitz","8":"tag-chemnitz","9":"tag-de","10":"tag-deutschland","11":"tag-eu","12":"tag-europa","13":"tag-europe","14":"tag-germany","15":"tag-headlines","16":"tag-immobilien","17":"tag-nachrichten","18":"tag-news","19":"tag-sachsen","20":"tag-schlagzeilen"},"share_on_mastodon":{"url":"https:\/\/pubeurope.com\/@de\/115383164362689352","error":""},"_links":{"self":[{"href":"https:\/\/www.europesays.com\/de\/wp-json\/wp\/v2\/posts\/502859","targetHints":{"allow":["GET"]}}],"collection":[{"href":"https:\/\/www.europesays.com\/de\/wp-json\/wp\/v2\/posts"}],"about":[{"href":"https:\/\/www.europesays.com\/de\/wp-json\/wp\/v2\/types\/post"}],"author":[{"embeddable":true,"href":"https:\/\/www.europesays.com\/de\/wp-json\/wp\/v2\/users\/2"}],"replies":[{"embeddable":true,"href":"https:\/\/www.europesays.com\/de\/wp-json\/wp\/v2\/comments?post=502859"}],"version-history":[{"count":0,"href":"https:\/\/www.europesays.com\/de\/wp-json\/wp\/v2\/posts\/502859\/revisions"}],"wp:featuredmedia":[{"embeddable":true,"href":"https:\/\/www.europesays.com\/de\/wp-json\/wp\/v2\/media\/502860"}],"wp:attachment":[{"href":"https:\/\/www.europesays.com\/de\/wp-json\/wp\/v2\/media?parent=502859"}],"wp:term":[{"taxonomy":"category","embeddable":true,"href":"https:\/\/www.europesays.com\/de\/wp-json\/wp\/v2\/categories?post=502859"},{"taxonomy":"post_tag","embeddable":true,"href":"https:\/\/www.europesays.com\/de\/wp-json\/wp\/v2\/tags?post=502859"}],"curies":[{"name":"wp","href":"https:\/\/api.w.org\/{rel}","templated":true}]}}