{"id":502861,"date":"2025-10-16T09:35:11","date_gmt":"2025-10-16T09:35:11","guid":{"rendered":"https:\/\/www.europesays.com\/de\/502861\/"},"modified":"2025-10-16T09:35:11","modified_gmt":"2025-10-16T09:35:11","slug":"dieser-engpass-in-braunschweig-soll-sich-mitte-november-erledigt-haben","status":"publish","type":"post","link":"https:\/\/www.europesays.com\/de\/502861\/","title":{"rendered":"Dieser Engpass in Braunschweig soll sich Mitte November erledigt haben"},"content":{"rendered":"<p class=\"expressive-copy-lg-body\">Bei der Sanierung der Theodor-Heuss-Stra\u00dfe zwischen Frankfurter und Eisenb\u00fctteler Stra\u00dfe einschlie\u00dflich Br\u00fcckeninstandsetzung beginnt am kommenden Montag, 20. Oktober, der n\u00e4chste Bauabschnitt, wie es in einer Mitteilung der Stadt hei\u00dft. Die Absperrungen im Bereich Frankfurter Stra\u00dfe \/ Otto-von-Guericke-Stra\u00dfe w\u00fcrden aufgehoben, hei\u00dft es. <\/p>\n<p class=\"expressive-copy-lg-body\">Aus der Otto-von-Guericke-Stra\u00dfe w\u00fcrden wieder alle drei Ausfahrtspuren in Richtung Autobahn und in die Innenstadt \u00fcber Frankfurter Stra\u00dfe freigegeben; umgekehrt sei das Gewerbegebiet aus Richtung Frankfurter Stra\u00dfe und Autobahnabfahrt erreichbar.<\/p>\n<p>Eisenb\u00fctteler Stra\u00dfe in Braunschweig wird zur Sackgasse<\/p>\n<p class=\"expressive-copy-lg-body\">Das Rechtsabbiegen in Richtung Messegel\u00e4nde werde etwa zwei Wochen lang nicht m\u00f6glich sein. Denn gesperrt werde aus bautechnischen Gr\u00fcnden bis 3. November die Kreuzung Eisenb\u00fctteler Stra\u00dfe \/ Theodor-Heuss-Stra\u00dfe. In dem Bereich werde die Fahrbahn saniert, so die Stadt. Die Umleitung f\u00fcr den Kfz-Verkehr auf der Theodor-Heuss-Stra\u00dfe f\u00fchre in beiden Richtungen \u00fcber Europaplatz, Frankfurter Stra\u00dfe, Luisenstra\u00dfe und Cyriaksring. <\/p>\n<p class=\"expressive-copy-lg-body\">Die Eisenb\u00fctteler Stra\u00dfe werde f\u00fcr die Dauer der Arbeiten zur Sackgasse. Die Umleitung hierf\u00fcr erfolge \u00fcber die Wolfenb\u00fctteler Stra\u00dfe, John-F.-Kennedy-Platz, Lessingplatz, Bruchtorwall, Kalenwall und anschlie\u00dfend \u00fcber die vorgenannten Stra\u00dfen. Alle Grundst\u00fccke der Eisenb\u00fctteler Stra\u00dfe bleiben \u00fcber die Wolfenb\u00fctteler Stra\u00dfe erreichbar. Fu\u00dfg\u00e4nger und Radfahrer k\u00f6nnen an der Kreuzung Eisenb\u00fctteler Stra\u00dfe jeweils am Ende der Baustelle die Stra\u00dfe queren.<\/p>\n<p>  Restarbeiten auf der s\u00fcd\u00f6stlichen Seite der Theodor-Heuss-Stra\u00dfe<\/p>\n<p class=\"expressive-copy-lg-body\">Zwischen der Otto-von-Guericke-Stra\u00dfe und der Eisenb\u00fctteler Stra\u00dfe werde der Fu\u00df- und Radverkehr in beiden Richtungen auf der stadtausw\u00e4rts f\u00fchrenden Fahrbahn abgewickelt, da auf der s\u00fcd\u00f6stlichen Seite der Theodor-Heuss-Stra\u00dfe im Bereich der Br\u00fccke noch Restarbeiten ausgef\u00fchrt werden m\u00fcssten.<\/p>\n<p>   Ihr Newsletter f\u00fcr Braunschweig &amp; Region<\/p>\n<p class=\"text-body2 mt-2\">Kostenlosen Newsletter bestellen und t\u00e4glich das Neueste aus der Region im Postfach lesen.<\/p>\n<p class=\"text-caption text-copy-secondary\">\n          Mit meiner Anmeldung zum Newsletter stimme ich der<br \/>\n          <a href=\"https:\/\/www.braunschweiger-zeitung.de\/229318664\" class=\"text-overline text-copy-accent-negative dark:underline\" rel=\"nofollow noopener\" target=\"_blank\">Werbevereinbarung<\/a><br \/>\n          zu.\n        <\/p>\n<p class=\"expressive-copy-lg-body\">Nach Beendigung dieses Abschnittes werde ab 4. November die Kreuzung wieder freigegeben. Abschlie\u00dfend werde nur noch eine Trinkwasserleitung an der Kreuzung Frankfurter Stra\u00dfe \/ Theodor-Heuss-Stra\u00dfe ins bestehende Netz eingebunden. Die rund eineinhalbw\u00f6chigen Arbeiten erfordern laut Stadt keine Vollsperrung; \u00fcber die tempor\u00e4ren Einschr\u00e4nkungen werde BS Netz informieren. Das Gesamtprojekt solle am 14. November, mit nur geringf\u00fcgiger zeitlicher Abweichung von der Planung, abgeschlossen werden.<\/p>\n<p>              Mehr Nachrichten aus der Region und Niedersachsen:<\/p>\n<p rel=\"author\" class=\"text-brand\">red<\/p>\n","protected":false},"excerpt":{"rendered":"Bei der Sanierung der Theodor-Heuss-Stra\u00dfe zwischen Frankfurter und Eisenb\u00fctteler Stra\u00dfe einschlie\u00dflich Br\u00fcckeninstandsetzung beginnt am kommenden Montag, 20. Oktober,&hellip;\n","protected":false},"author":2,"featured_media":502862,"comment_status":"","ping_status":"","sticky":false,"template":"","format":"standard","meta":{"footnotes":""},"categories":[1850],"tags":[6429,3364,29,548,663,3934,30,13,14,15,1411,12],"class_list":{"0":"post-502861","1":"post","2":"type-post","3":"status-publish","4":"format-standard","5":"has-post-thumbnail","7":"category-braunschweig","8":"tag-braunschweig","9":"tag-de","10":"tag-deutschland","11":"tag-eu","12":"tag-europa","13":"tag-europe","14":"tag-germany","15":"tag-headlines","16":"tag-nachrichten","17":"tag-news","18":"tag-niedersachsen","19":"tag-schlagzeilen"},"share_on_mastodon":{"url":"https:\/\/pubeurope.com\/@de\/115383168248620552","error":""},"_links":{"self":[{"href":"https:\/\/www.europesays.com\/de\/wp-json\/wp\/v2\/posts\/502861","targetHints":{"allow":["GET"]}}],"collection":[{"href":"https:\/\/www.europesays.com\/de\/wp-json\/wp\/v2\/posts"}],"about":[{"href":"https:\/\/www.europesays.com\/de\/wp-json\/wp\/v2\/types\/post"}],"author":[{"embeddable":true,"href":"https:\/\/www.europesays.com\/de\/wp-json\/wp\/v2\/users\/2"}],"replies":[{"embeddable":true,"href":"https:\/\/www.europesays.com\/de\/wp-json\/wp\/v2\/comments?post=502861"}],"version-history":[{"count":0,"href":"https:\/\/www.europesays.com\/de\/wp-json\/wp\/v2\/posts\/502861\/revisions"}],"wp:featuredmedia":[{"embeddable":true,"href":"https:\/\/www.europesays.com\/de\/wp-json\/wp\/v2\/media\/502862"}],"wp:attachment":[{"href":"https:\/\/www.europesays.com\/de\/wp-json\/wp\/v2\/media?parent=502861"}],"wp:term":[{"taxonomy":"category","embeddable":true,"href":"https:\/\/www.europesays.com\/de\/wp-json\/wp\/v2\/categories?post=502861"},{"taxonomy":"post_tag","embeddable":true,"href":"https:\/\/www.europesays.com\/de\/wp-json\/wp\/v2\/tags?post=502861"}],"curies":[{"name":"wp","href":"https:\/\/api.w.org\/{rel}","templated":true}]}}