{"id":502868,"date":"2025-10-16T09:39:11","date_gmt":"2025-10-16T09:39:11","guid":{"rendered":"https:\/\/www.europesays.com\/de\/502868\/"},"modified":"2025-10-16T09:39:11","modified_gmt":"2025-10-16T09:39:11","slug":"angebot-der-offenen-pausenhoefe-soll-erweitert-werden","status":"publish","type":"post","link":"https:\/\/www.europesays.com\/de\/502868\/","title":{"rendered":"Angebot der offenen Pausenh\u00f6fe soll erweitert werden"},"content":{"rendered":"<p class=\"mb-6 text-xs md:text-m lg:text-l font-serif group-[.font-sans]:font-sans \">\n    In einigen Augsburger Mittelschulen gibt es in der unterrichtsfreien Zeit offene Pausenh\u00f6fe. Dabei handelt es sich um ein p\u00e4dagogisch begleitetes Angebot, das auf den Au\u00dfenfl\u00e4chen f\u00fcr die jungen Menschen des Quartiers stattfindet. <a href=\"https:\/\/www.augsburger-allgemeine.de\/augsburg\/augsburg-hoher-migrationsanteil-an-schulen-das-sind-die-besonderheiten-110738878\" target=\"_self\" class=\"underline \" rel=\"nofollow noopener\">Es ist ein wichtiges Angebot der Jugend- und Bildungsarbeit.<\/a> An zwei besonders gut besuchten Standorten soll der personelle Einsatz nun ausgeweitet, in einer Grundschule das Angebot im kommenden Jahr neu aufgenommen werden.\n  <\/p>\n<p class=\"mb-6 text-xs md:text-m lg:text-l font-serif group-[.font-sans]:font-sans \">\n    Bei den offenen Pausenh\u00f6fen <a href=\"https:\/\/www.augsburger-allgemeine.de\/augsburg\/startchancen-programm-15-weitere-augsburger-schulen-werden-gefoerdert-109099714\" target=\"_self\" class=\"underline \" rel=\"nofollow noopener\">soll die Freizeitbesch\u00e4ftigung junger Menschen sinnvoll gef\u00f6rdert werden.<\/a> Daneben k\u00f6nnen sie bei Bedarf auch ein Beratungsangebot durch p\u00e4dagogische Kr\u00e4fte der Jugendsozialarbeit an Schulen oder durch Streetworker erhalten. Der Tr\u00e4ger, der sich um das Angebot k\u00fcmmert, setzt in der Regel studentische Hilfekr\u00e4fte ein, die von einer hauptamtlichen p\u00e4dagogischen Fachkraft angeleitet werden. Derzeit wird das Angebot von der Stadt grunds\u00e4tzlich mit 6.500 Euro pro Jahr und Schule finanziert.\n  <\/p>\n<p class=\"mb-6 text-xs md:text-m lg:text-l font-serif group-[.font-sans]:font-sans \">\n    An neun Schulen gibt es das Angebot der offenen Pausenh\u00f6fe bereits: Albert-Einstein-, B\u00e4renkeller-, Friedrich-Ebert- (derzeit kein Angebot wegen fehlenden Personals), Goethe-, Hans-Adlhoch-, Herrenbach-, Kerschensteiner-,<a href=\"https:\/\/www.augsburger-allgemeine.de\/augsburg\/migrationsquote-an-grundschulen-koennte-das-in-augsburg-ueberhaupt-funktionieren-110424307\" target=\"_self\" class=\"underline \" rel=\"nofollow noopener\"> L\u00f6weneck-<\/a> und St.-Georg-Mittelschule. In den meisten F\u00e4llen hat der Stadtjugendring die Tr\u00e4gerschaft inne.\n  <\/p>\n<p>            Bis zu 50 junge Menschen besuchen die Freizeitaktivit\u00e4ten auf dem Pausenhof<\/p>\n<p class=\"mb-6 text-xs md:text-m lg:text-l font-serif group-[.font-sans]:font-sans \">\n    Weil das Angebot an zwei Standorten stark nachgefragt wird, soll es dort personell aufgestockt werden. Dar\u00fcber wird in der gemeinsamen Sitzung von Jugendhilfe und dem Ausschuss f\u00fcr Bildung und Migration am kommenden Mittwoch abgestimmt: So soll der personelle Einsatz in der Kerschensteiner-Mittelschule und Goethe-Mittelschule verdoppelt und der Pauschalbetrag jeweils auf 13.000 Euro erh\u00f6ht werden. Eine statistische Auswertung hatte gezeigt, dass seit September 2024 beziehungsweise November 2024 die offenen Pausenh\u00f6fe durchschnittlich von 40 jungen Menschen an der Goetheschule und 26 jungen Menschen an der Kerschensteiner-Mittelschule besucht wurden. An einzelnen Tagen waren dort bis zu 50 junge Menschen vertreten.\n  <\/p>\n<p>            Das Angebot an der Mittelschule Firnhaberau wurde eingestellt<\/p>\n<p class=\"mb-6 text-xs md:text-m lg:text-l font-serif group-[.font-sans]:font-sans \">\n    Es gibt auch entgegengesetzte Entwicklungen: An der Mittelschule Firnhaberau wurde der offene Pausenhof Ende Juli eingestellt, weil es dort nur geringen Besucherzahlen gab. Das Amt f\u00fcr Kinder, Jugend und Familie hat die Besuchszahlen im Blick. Perspektivisch sollen die Angebote mit erh\u00f6hter Nutzung in Absprache mit den Kooperationspartnern weiterentwickelt werden.\n  <\/p>\n<p class=\"mb-6 text-xs md:text-m lg:text-l font-serif group-[.font-sans]:font-sans \">\n    <a href=\"https:\/\/www.augsburger-allgemeine.de\/augsburg\/check-vor-schulstart-in-augsburg-so-steht-es-bei-den-baustellen-110727841\" target=\"_self\" class=\"underline \" rel=\"nofollow noopener\">An der Bl\u00e9riot-Grundschule ist ein offener Pausenhof<\/a> bereits in Planung und soll im kommenden Jahr umgesetzt werden. Dazu sind weitere Abstimmungsgespr\u00e4che mit Schulleitung und Tr\u00e4gern notwendig, um die Bedarfe von Grundschulkindern zu ber\u00fccksichtigen.\n  <\/p>\n<ul data-module-id=\"DragDropModule\" class=\"flex flex-wrap justify-start group-[.no-bookmarks]:hidden\">\n<li class=\"mb-3 mr-3\">\n    Miriam Zissler<\/p>\n<p>      Icon Haken im Kreis gesetzt<\/p>\n<p>      Icon Plus im Kreis<\/p>\n<\/li>\n<li class=\"mb-3 mr-3\">\n    Pausenhof<\/p>\n<p>      Icon Haken im Kreis gesetzt<\/p>\n<p>      Icon Plus im Kreis<\/p>\n<\/li>\n<li class=\"mb-3 mr-3\">\n    Au\u00dfenfl\u00e4che<\/p>\n<p>      Icon Haken im Kreis gesetzt<\/p>\n<p>      Icon Plus im Kreis<\/p>\n<\/li>\n<\/ul>\n","protected":false},"excerpt":{"rendered":"In einigen Augsburger Mittelschulen gibt es in der unterrichtsfreien Zeit offene Pausenh\u00f6fe. Dabei handelt es sich um ein&hellip;\n","protected":false},"author":2,"featured_media":502869,"comment_status":"","ping_status":"","sticky":false,"template":"","format":"standard","meta":{"footnotes":""},"categories":[1846],"tags":[680,772,3364,29,548,663,3934,30,13,14,15,12],"class_list":{"0":"post-502868","1":"post","2":"type-post","3":"status-publish","4":"format-standard","5":"has-post-thumbnail","7":"category-augsburg","8":"tag-augsburg","9":"tag-bayern","10":"tag-de","11":"tag-deutschland","12":"tag-eu","13":"tag-europa","14":"tag-europe","15":"tag-germany","16":"tag-headlines","17":"tag-nachrichten","18":"tag-news","19":"tag-schlagzeilen"},"share_on_mastodon":{"url":"https:\/\/pubeurope.com\/@de\/115383184021487470","error":""},"_links":{"self":[{"href":"https:\/\/www.europesays.com\/de\/wp-json\/wp\/v2\/posts\/502868","targetHints":{"allow":["GET"]}}],"collection":[{"href":"https:\/\/www.europesays.com\/de\/wp-json\/wp\/v2\/posts"}],"about":[{"href":"https:\/\/www.europesays.com\/de\/wp-json\/wp\/v2\/types\/post"}],"author":[{"embeddable":true,"href":"https:\/\/www.europesays.com\/de\/wp-json\/wp\/v2\/users\/2"}],"replies":[{"embeddable":true,"href":"https:\/\/www.europesays.com\/de\/wp-json\/wp\/v2\/comments?post=502868"}],"version-history":[{"count":0,"href":"https:\/\/www.europesays.com\/de\/wp-json\/wp\/v2\/posts\/502868\/revisions"}],"wp:featuredmedia":[{"embeddable":true,"href":"https:\/\/www.europesays.com\/de\/wp-json\/wp\/v2\/media\/502869"}],"wp:attachment":[{"href":"https:\/\/www.europesays.com\/de\/wp-json\/wp\/v2\/media?parent=502868"}],"wp:term":[{"taxonomy":"category","embeddable":true,"href":"https:\/\/www.europesays.com\/de\/wp-json\/wp\/v2\/categories?post=502868"},{"taxonomy":"post_tag","embeddable":true,"href":"https:\/\/www.europesays.com\/de\/wp-json\/wp\/v2\/tags?post=502868"}],"curies":[{"name":"wp","href":"https:\/\/api.w.org\/{rel}","templated":true}]}}