{"id":502870,"date":"2025-10-16T09:40:12","date_gmt":"2025-10-16T09:40:12","guid":{"rendered":"https:\/\/www.europesays.com\/de\/502870\/"},"modified":"2025-10-16T09:40:12","modified_gmt":"2025-10-16T09:40:12","slug":"mannheim-der-tag-der-bibliotheken-in-der-stadtbibliothek-mrn-news-de","status":"publish","type":"post","link":"https:\/\/www.europesays.com\/de\/502870\/","title":{"rendered":"Mannheim \u2013 Der Tag der Bibliotheken in der Stadtbibliothek \u2013 \/\/\/ MRN-News.de"},"content":{"rendered":"<p><img loading=\"lazy\" decoding=\"async\" src=\"https:\/\/www.europesays.com\/de\/wp-content\/uploads\/2025\/10\/Kreisjahrbuch.jpg\" alt=\"\" width=\"887\" height=\"558\" class=\"alignnone size-full wp-image-606766\"  \/>Mannheim \/ Metropolregion Rhein-Neckar \u2013 Seit 1995 findet jedes Jahr am 24. Oktober der bundesweite \u201eTag der Bibliotheken\u201c statt. Die Stadtbibliothek Mannheim feiert das mit einer besonderen Aktion. Unter dem Motto \u201e14 f\u00fcr 12\u2033 gibt es bei Neuanmeldungen am Aktionstag zwei Monate auf die Jahresmitgliedschaft zus\u00e4tzlich. Au\u00dferdem h\u00e4lt der Abend drei ganz unterschiedliche Veranstaltungen bereit.<\/p>\n<p><strong>Konzert im Dalbergsaal: Herbstkonzert mit Sachie Matsushita<\/strong><\/p>\n<p>Die in Mannheim lebende japanische Pianistin und Komponistin Sachie Matsushita spielt am Freitag, 24. Oktober, 18 Uhr im Dalbergsaal im Dalberghaus N3, 4 bekannte Werke aus verschiedenen Epochen. Mit Ludwig van Beethovens Mondscheinsonate oder Autumn Colors und October Sunflower von Matsushita selbst k\u00f6nnen die Zuh\u00f6rer*innen bei diesem abwechslungsreichen Programm ganz unterschiedliche Herbststimmungen erleben.<br \/>Die Teilnahme ist kostenlos, eine Anmeldung nicht notwendig.<br \/>Informationen: <a href=\"https:\/\/www.mrn-news.de\/2025\/10\/16\/mannheim-der-tag-der-bibliotheken-in-der-stadtbibliothek-606749\/mailto:stadtbibliothek.musikbibliothek@mannheim.de\" target=\"_blank\" rel=\"nofollow noopener\">stadtbibliothek.musikbibliothek@mannheim.de<\/a> oder 0621 2939800<br \/>Mit Unterst\u00fctzung von Musik Lutz, Klavierbaufachbetrieb, Mannheim.<\/p>\n<p><strong>Spieleabend \u201eOktoberfest\u201c in Herzogenried<\/strong><br \/>Die Zweigstelle Herzogenried l\u00e4dt Erwachsene am Freitag, 24. Oktober 2025, 18 bis 21 Uhr in der Stadtbibliothek Mannheim Zweigstelle Herzogenried, Herzogenriedstra\u00dfe 50, 68169 Mannheim<br \/>zu Brettspielen und leckerem bayerischen Essen ein. Die Teilnahme ist kostenlos, bitte melden Sie sich an unter: stadtbibliothek.herzogenried@mannheim.de oder Tel. 0621 293 5055.<\/p>\n<p><strong>Kabarett in Rheinau: Die ZWEIfler \u2013 \u201eMehr als nur\u201c<\/strong><br \/>Einfach nur zu sein reicht offensichtlich nicht mehr: Das Bundesministerium f\u00fcr Gesundheit wirbt f\u00fcr Gesundheitsberufe mit \u201eMehr als nur ein Job\u201c. Eine Klinik f\u00fcr plastische Chirurgie nennt einen Podcast \u201eMehr als nur sch\u00f6n.\u201c Eine bayerische Brauerei preist ihren \u201eUrtyp hell\u201c als \u201eMehr als nur ein Bier\u201c an. Und Donald Trump m\u00f6chte mehr sein als nur ein Pr\u00e4sident, vielleicht Gott, mindestens aber Papst.<br \/>Michael Angierski und Elmar Th\u00fcner bieten am Freitag, 24. Oktober 2025, 19 Uhr in der Stadtbibliothek Mannheim Zweigstelle Rheinau, Kronenburgstra\u00dfe 45-55, 68219 Mannheim mit ihrem neuen Programm nicht \u201emehr als nur Kabarett\u201c, sondern intelligente Unterhaltung f\u00fcr Mitdenker.<br \/>Karten sind nur im Vorverkauf f\u00fcr 18 Euro (F\u00f6rdervereinsmitglieder: 16 Euro) erh\u00e4ltlich unter: <a href=\"https:\/\/www.mrn-news.de\/2025\/10\/16\/mannheim-der-tag-der-bibliotheken-in-der-stadtbibliothek-606749\/mailto:stadtbibliothek.rheinau@mannheim.de\" rel=\"nofollow noopener\" target=\"_blank\">stadtbibliothek.rheinau@mannheim.de<\/a><br \/>In Kooperation mit dem F\u00f6rderverein der Zweigstelle Rheinau der Stadtbibliothek Mannheim e.V.<\/p>\n","protected":false},"excerpt":{"rendered":"Mannheim \/ Metropolregion Rhein-Neckar \u2013 Seit 1995 findet jedes Jahr am 24. Oktober der bundesweite \u201eTag der Bibliotheken\u201c&hellip;\n","protected":false},"author":2,"featured_media":502871,"comment_status":"","ping_status":"","sticky":false,"template":"","format":"standard","meta":{"footnotes":""},"categories":[1845],"tags":[1634,3364,29,548,663,3934,30,13,2096,14,15,12],"class_list":{"0":"post-502870","1":"post","2":"type-post","3":"status-publish","4":"format-standard","5":"has-post-thumbnail","7":"category-mannheim","8":"tag-baden-wuerttemberg","9":"tag-de","10":"tag-deutschland","11":"tag-eu","12":"tag-europa","13":"tag-europe","14":"tag-germany","15":"tag-headlines","16":"tag-mannheim","17":"tag-nachrichten","18":"tag-news","19":"tag-schlagzeilen"},"share_on_mastodon":{"url":"https:\/\/pubeurope.com\/@de\/115383188268947962","error":""},"_links":{"self":[{"href":"https:\/\/www.europesays.com\/de\/wp-json\/wp\/v2\/posts\/502870","targetHints":{"allow":["GET"]}}],"collection":[{"href":"https:\/\/www.europesays.com\/de\/wp-json\/wp\/v2\/posts"}],"about":[{"href":"https:\/\/www.europesays.com\/de\/wp-json\/wp\/v2\/types\/post"}],"author":[{"embeddable":true,"href":"https:\/\/www.europesays.com\/de\/wp-json\/wp\/v2\/users\/2"}],"replies":[{"embeddable":true,"href":"https:\/\/www.europesays.com\/de\/wp-json\/wp\/v2\/comments?post=502870"}],"version-history":[{"count":0,"href":"https:\/\/www.europesays.com\/de\/wp-json\/wp\/v2\/posts\/502870\/revisions"}],"wp:featuredmedia":[{"embeddable":true,"href":"https:\/\/www.europesays.com\/de\/wp-json\/wp\/v2\/media\/502871"}],"wp:attachment":[{"href":"https:\/\/www.europesays.com\/de\/wp-json\/wp\/v2\/media?parent=502870"}],"wp:term":[{"taxonomy":"category","embeddable":true,"href":"https:\/\/www.europesays.com\/de\/wp-json\/wp\/v2\/categories?post=502870"},{"taxonomy":"post_tag","embeddable":true,"href":"https:\/\/www.europesays.com\/de\/wp-json\/wp\/v2\/tags?post=502870"}],"curies":[{"name":"wp","href":"https:\/\/api.w.org\/{rel}","templated":true}]}}