{"id":502875,"date":"2025-10-16T09:43:15","date_gmt":"2025-10-16T09:43:15","guid":{"rendered":"https:\/\/www.europesays.com\/de\/502875\/"},"modified":"2025-10-16T09:43:15","modified_gmt":"2025-10-16T09:43:15","slug":"pol-ms-verkehrsunfall-zwischen-zwei-radfahrer-auf-der-salzmannstrasse-polizei-sucht","status":"publish","type":"post","link":"https:\/\/www.europesays.com\/de\/502875\/","title":{"rendered":"POL-MS: Verkehrsunfall zwischen zwei Radfahrer auf der Salzmannstra\u00dfe &#8211; Polizei sucht &#8230;"},"content":{"rendered":"<p class=\"date\">16.10.2025 \u2013 10:40<\/p>\n<p class=\"customer\">\n                        <a class=\"story-customer\" title=\"weiter zum newsroom von Polizei M\u00fcnster\" href=\"https:\/\/www.presseportal.de\/blaulicht\/nr\/11187\" rel=\"nofollow noopener\" target=\"_blank\">Polizei M\u00fcnster<\/a>\n                    <\/p>\n<p><a data-category=\"citylink-story-view\" data-action=\"click\" data-label=\"Citylink in Meldungsansicht\" class=\"story-city event-trigger\" href=\"https:\/\/www.presseportal.de\/regional\/M%FCnster\" title=\"News aus M\u00fcnster \" rel=\"nofollow noopener\" target=\"_blank\">M\u00fcnster<\/a> (ots)<\/p>\n<p>Am Mittwochmorgen (08.10.2025, 07:45 Uhr) kam es auf der Salzmannstra\u00dfe zu einem Verkehrsunfall zwischen zwei Radfahrenden.<\/p>\n<p>Nach bisherigen Erkenntnissen befuhr eine 55-j\u00e4hrige Radfahrerin aus M\u00fcnster die Salzmannstra\u00dfe und bremste ab, da sie wenden wollte. Ein Radfahrer, der hinter ihr fuhr konnte nicht mehr rechtzeitig bremsen oder ausweichen und fuhr auf das Fahrrad der Frau auf. Beide st\u00fcrzten zu Boden.<\/p>\n<p>Die 40-J\u00e4hrige verlie\u00df kurz die Unfall\u00f6rtlichkeit. Ein Zeuge machte sie darauf aufmerksam, dass die Polizei informiert werden m\u00fcsste. Als sie wenig sp\u00e4ter zur Unfallstelle zur\u00fcckkehrte, war der andere Radfahrer bereits verschwunden.<\/p>\n<p>Nach ersten Angaben soll es sich bei dem unbekannten Radfahrer um einen 60 bis 70 Jahre alten Mann handeln. Er soll eine Halbglatze und graue Haare haben.<\/p>\n<p>Die Polizei M\u00fcnster bittet Zeugen, die den Unfall beobachtet haben oder Hinweise zu dem beteiligten Radfahrer geben k\u00f6nnen, sich unter der Telefonnummer 0251 275-0 zu melden.<\/p>\n<p class=\"contact-headline\">Kontakt f\u00fcr Medienvertreter:<\/p>\n<p class=\"contact-text\">Polizei M\u00fcnster<br \/>Pressestelle<\/p>\n<p>Telefon: 0251\/ 275- 1010<br \/>E-Mail: <a href=\"https:\/\/www.presseportal.de\/blaulicht\/pm\/11187\/mailto: pressestelle.muenster@polizei.nrw.de\" class=\"uri-mailto\" rel=\"nofollow noopener\" target=\"_blank\"> pressestelle.muenster@polizei.nrw.de<\/a><br \/><a target=\"_blank\" class=\"uri-ext outbound\" rel=\"noopener nofollow\" href=\"https:\/\/muenster.polizei.nrw\/\">https:\/\/muenster.polizei.nrw\/<\/a><\/p>\n<p class=\"originator\">Original-Content von: Polizei M\u00fcnster, \u00fcbermittelt durch news aktuell<\/p>\n","protected":false},"excerpt":{"rendered":"16.10.2025 \u2013 10:40 Polizei M\u00fcnster M\u00fcnster (ots) Am Mittwochmorgen (08.10.2025, 07:45 Uhr) kam es auf der Salzmannstra\u00dfe zu&hellip;\n","protected":false},"author":2,"featured_media":386213,"comment_status":"","ping_status":"","sticky":false,"template":"","format":"standard","meta":{"footnotes":""},"categories":[1843],"tags":[3364,29,30,8970,1209,176,121,178,180,179,181],"class_list":{"0":"post-502875","1":"post","2":"type-post","3":"status-publish","4":"format-standard","5":"has-post-thumbnail","7":"category-muenster","8":"tag-de","9":"tag-deutschland","10":"tag-germany","11":"tag-muenster","12":"tag-nordrhein-westfalen","13":"tag-nrw","14":"tag-polizei","15":"tag-presse","16":"tag-pressemeldung","17":"tag-pressemitteilung","18":"tag-pressemitteilungen"},"share_on_mastodon":{"url":"https:\/\/pubeurope.com\/@de\/115383199806768368","error":""},"_links":{"self":[{"href":"https:\/\/www.europesays.com\/de\/wp-json\/wp\/v2\/posts\/502875","targetHints":{"allow":["GET"]}}],"collection":[{"href":"https:\/\/www.europesays.com\/de\/wp-json\/wp\/v2\/posts"}],"about":[{"href":"https:\/\/www.europesays.com\/de\/wp-json\/wp\/v2\/types\/post"}],"author":[{"embeddable":true,"href":"https:\/\/www.europesays.com\/de\/wp-json\/wp\/v2\/users\/2"}],"replies":[{"embeddable":true,"href":"https:\/\/www.europesays.com\/de\/wp-json\/wp\/v2\/comments?post=502875"}],"version-history":[{"count":0,"href":"https:\/\/www.europesays.com\/de\/wp-json\/wp\/v2\/posts\/502875\/revisions"}],"wp:featuredmedia":[{"embeddable":true,"href":"https:\/\/www.europesays.com\/de\/wp-json\/wp\/v2\/media\/386213"}],"wp:attachment":[{"href":"https:\/\/www.europesays.com\/de\/wp-json\/wp\/v2\/media?parent=502875"}],"wp:term":[{"taxonomy":"category","embeddable":true,"href":"https:\/\/www.europesays.com\/de\/wp-json\/wp\/v2\/categories?post=502875"},{"taxonomy":"post_tag","embeddable":true,"href":"https:\/\/www.europesays.com\/de\/wp-json\/wp\/v2\/tags?post=502875"}],"curies":[{"name":"wp","href":"https:\/\/api.w.org\/{rel}","templated":true}]}}