{"id":502878,"date":"2025-10-16T09:45:29","date_gmt":"2025-10-16T09:45:29","guid":{"rendered":"https:\/\/www.europesays.com\/de\/502878\/"},"modified":"2025-10-16T09:45:29","modified_gmt":"2025-10-16T09:45:29","slug":"zwei-fussgaengerinnen-angefahren-radio-bielefeld","status":"publish","type":"post","link":"https:\/\/www.europesays.com\/de\/502878\/","title":{"rendered":"Zwei Fu\u00dfg\u00e4ngerinnen angefahren &#8211; Radio Bielefeld"},"content":{"rendered":"<p>FR \/ Bielefeld \/ Mitte &#8211; Am Mittwoch, 15.10.2025, \u00fcbersah ein Autofahrer zwei Fu\u00dfg\u00e4ngerinnen an der Kreuzstra\u00dfe. Zwei Frauen erlitten leichte Verletzungen.<\/p>\n<p>Gegen 18:00 Uhr befuhr ein 59-j\u00e4hriger Bielefelder die Gadderbaumer Stra\u00dfe mit einem Audi A6 in Richtung Kreuzstra\u00dfe. Als er nach rechts auf die Kreuzstra\u00dfe einbiegen wollte, schaute er nach links, um sich zu vergewissern, dass vom Adenauerplatz kein Fahrzeug kommt. Da keine Fahrzeuge kamen, fuhr er los und \u00fcbersah dabei zwei von rechts kommende Fu\u00dfg\u00e4ngerinnen im Einm\u00fcndungsbereich.<\/p>\n<p>Die 37-j\u00e4hrige L\u00f6hnerin schlug mit dem Kopf auf die Motorhaube. Einer 22-j\u00e4hrigen Frau aus Augustdorf rollte das Auto \u00fcber den Fu\u00df. Beide erlitten leichte Verletzungen. Beide Frauen wurden vom alarmierten Rettungsdienst vor Ort versorgt und f\u00fcr eine ambulante Behandlung in ein Krankenhaus gebracht. Am Auto entstand kein Sachschaden.<\/p>\n<p>R\u00fcckfragen von Journalisten bitte an:<\/p>\n<p>Polizeipr\u00e4sidium Bielefeld Leitungsstab\/ Presse- und \u00d6ffentlichkeitsarbeit Kurt-Schumacher-Stra\u00dfe 46 33615 Bielefeld<\/p>\n<p>Sonja Rehmert (SR), Tel. 0521\/545-3020 Katja K\u00fcster (KK), Tel. 0521\/545-3195 Sarah Siedschlag (SI), Tel. 0521\/545-3021 Michael K\u00f6tter (MK), Tel. 0521\/545-3022 Hella Christoph (HC), Tel. 0521\/545-3023 Fabian Rickel (FR), Tel. 0521\/545-3024 Caroline Steffen (CS), Tel. 0521\/545-3026 Lukas Reker (LR), Tel. 0521\/545-3222<\/p>\n<p>E-Mail: pressestelle.bielefeld@polizei.nrw.de <a href=\"https:\/\/bielefeld.polizei.nrw\/\" target=\"_blank\" rel=\"noreferrer noopener\">bielefeld.polizei.nrw<\/a><\/p>\n<p>Au\u00dferhalb der B\u00fcrodienstzeit: Leitstelle, Tel. 0521\/545-0<\/p>\n<p> Original-Content von: Polizei Bielefeld, \u00fcbermittelt durch news aktuell<\/p>\n","protected":false},"excerpt":{"rendered":"FR \/ Bielefeld \/ Mitte &#8211; Am Mittwoch, 15.10.2025, \u00fcbersah ein Autofahrer zwei Fu\u00dfg\u00e4ngerinnen an der Kreuzstra\u00dfe. Zwei&hellip;\n","protected":false},"author":2,"featured_media":362892,"comment_status":"","ping_status":"","sticky":false,"template":"","format":"standard","meta":{"footnotes":""},"categories":[1841],"tags":[1605,3364,29,30,1209,12925],"class_list":{"0":"post-502878","1":"post","2":"type-post","3":"status-publish","4":"format-standard","5":"has-post-thumbnail","7":"category-bielefeld","8":"tag-bielefeld","9":"tag-de","10":"tag-deutschland","11":"tag-germany","12":"tag-nordrhein-westfalen","13":"tag-polizeimeldungen"},"share_on_mastodon":{"url":"https:\/\/pubeurope.com\/@de\/115383207468088984","error":""},"_links":{"self":[{"href":"https:\/\/www.europesays.com\/de\/wp-json\/wp\/v2\/posts\/502878","targetHints":{"allow":["GET"]}}],"collection":[{"href":"https:\/\/www.europesays.com\/de\/wp-json\/wp\/v2\/posts"}],"about":[{"href":"https:\/\/www.europesays.com\/de\/wp-json\/wp\/v2\/types\/post"}],"author":[{"embeddable":true,"href":"https:\/\/www.europesays.com\/de\/wp-json\/wp\/v2\/users\/2"}],"replies":[{"embeddable":true,"href":"https:\/\/www.europesays.com\/de\/wp-json\/wp\/v2\/comments?post=502878"}],"version-history":[{"count":0,"href":"https:\/\/www.europesays.com\/de\/wp-json\/wp\/v2\/posts\/502878\/revisions"}],"wp:featuredmedia":[{"embeddable":true,"href":"https:\/\/www.europesays.com\/de\/wp-json\/wp\/v2\/media\/362892"}],"wp:attachment":[{"href":"https:\/\/www.europesays.com\/de\/wp-json\/wp\/v2\/media?parent=502878"}],"wp:term":[{"taxonomy":"category","embeddable":true,"href":"https:\/\/www.europesays.com\/de\/wp-json\/wp\/v2\/categories?post=502878"},{"taxonomy":"post_tag","embeddable":true,"href":"https:\/\/www.europesays.com\/de\/wp-json\/wp\/v2\/tags?post=502878"}],"curies":[{"name":"wp","href":"https:\/\/api.w.org\/{rel}","templated":true}]}}