{"id":50288,"date":"2025-04-21T19:42:12","date_gmt":"2025-04-21T19:42:12","guid":{"rendered":"https:\/\/www.europesays.com\/de\/50288\/"},"modified":"2025-04-21T19:42:12","modified_gmt":"2025-04-21T19:42:12","slug":"england-daniel-farke-steigt-mit-leeds-united-auf-und-schreibt-geschichte-sport","status":"publish","type":"post","link":"https:\/\/www.europesays.com\/de\/50288\/","title":{"rendered":"England: Daniel Farke steigt mit Leeds United auf und schreibt Geschichte | Sport"},"content":{"rendered":"<p><b>Dem deutschen Trainer gelingt Historisches!<\/b><\/p>\n<p>Leeds United ist unter Daniel Farke (48) in die Premier League aufgestiegen.<b> <\/b>Dank eines 6:0 seiner Mannschaft gegen Stoke City in der englischen Championship und dem Patzer von Konkurrent Sheffield United im Topspiel bei Burnley (1:2) hat er zwei Spieltage vor Schluss die R\u00fcckkehr ins Oberhaus geschafft. Apropos Burnley: Kompanys Ex-Klub hat den Aufstieg ebenfalls sicher. <\/p>\n<p>Lesen Sie auch<\/p>\n<p><b>Farke ist der erste deutsche Trainer, der zum dritten Mal in die Premier League aufsteigt. Zuvor war ihm dies zweimal (2019 und 2021) mit Norwich City gelungen. Er ist erst der zweite Coach nach Trainer-Legende Neil Warnock (76), der das seit Einf\u00fchrung der Premier League 1992 geschafft hat.<\/b><\/p>\n<p><img decoding=\"async\" width=\"992\" height=\"558\" alt=\"N\u00e4chstes Jahr steht Daniel Farke in der Premiere League an der Seitenlinie\" src=\"https:\/\/www.europesays.com\/de\/wp-content\/uploads\/2025\/04\/20e35a0c4b9ae29d4b7d18a8d095d224,d2d398c3\"   class=\"landscape\" loading=\"lazy\"\/><\/p>\n<p class=\"fig__caption__text\">N\u00e4chstes Jahr steht Daniel Farke in der Premiere League an der Seitenlinie <\/p>\n<p>Foto: picture alliance \/ ZUMAPRESS.com<\/p>\n<p><b>Mit Leeds United ist der Ex-<\/b><a href=\"https:\/\/www.bild.de\/sport\/fussball\/borussia-moenchengladbach\/startseite-borussia-moenchengladbach-31074418.bild.html\" class=\"text-link\" target=\"_blank\" rel=\"noopener\"><b>Gladbach<\/b><\/a><b>-Trainer (Saison 2022\/23) mit 94 Punkten Erster der englischen Championship, acht Punkte vor dem Tabellendritten Sheffield United bei nur noch zwei ausstehenden Spielen. <\/b><\/p>\n<p>Leeds spielt eine b\u00e4renstarke Saison: Seit Ende November haben die \u201ePeacocks\u201c nur eine von 26 Partien verloren, \u00fcberhaupt gab es erst drei Niederlagen in dieser Spielzeit. Auch das Torverh\u00e4ltnis von +60 ist mit Abstand das beste der Liga. <\/p>\n<p><img decoding=\"async\" width=\"992\" height=\"558\" alt=\"Daniel Farke bedankt sich nach dem Spiel gegen Stoke f\u00fcr die Unterst\u00fctzung der Fans\" src=\"https:\/\/www.europesays.com\/de\/wp-content\/uploads\/2025\/04\/79b8dec887ba7ad88d658cede78a1a1a,1e3503d9\"   class=\"landscape\" loading=\"lazy\"\/><\/p>\n<p class=\"fig__caption__text\">Daniel Farke bedankt sich nach dem Spiel gegen Stoke bei den Fans f\u00fcr die Unterst\u00fctzung <\/p>\n<p>Foto: picture alliance \/ Sipa USA<\/p>\n<p>Gro\u00dfer Anteil am Aufstieg hat auch St\u00fcrmer Joel Piroe: Im entscheidenden Spiel gegen Stoke gelang ihm ein Viererpack, insgesamt erzielte er in dieser Saison 19 Tore in 44 Spielen. Platz eins in der Torj\u00e4gerliste!<\/p>\n<p><b>Im vergangenen Jahr war Farke mit dem Klub noch in den Play-offs gescheitert. Dann folgte der gro\u00dfe Aderlass: 22 Spieler gingen f\u00fcr satte 162 Millionen Euro. Darunter Georginio Rutter (22\/f\u00fcr 46,7 Mio. Euro zu Brighton), Archie Gray (19\/f\u00fcr 41,25 Mio. zu Tottenham) und Crysencio Summerville (23\/f\u00fcr 29,3 Mio. zu West Ham). Daf\u00fcr kamen 20 Akteure f\u00fcr 32 Mio. Euro \u2013 ein Plus von 130 Mio. Euro. Dem Erfolg tat das keinen Abbruch. <\/b><\/p>\n<p>Linienrichter wird zum Opfer: Derby-Skandal sorgt f\u00fcr Mega-Unterbrechung<a href=\"https:\/\/www.bild.de\/sport\/fussball\/bei-frankreich-derby-wurfgeschoss-verletzt-linienrichter-68062ffbba5a92148b33e20a\" class=\"anchor\" target=\"_blank\" rel=\"noopener\"><img decoding=\"async\" width=\"992\" height=\"558\" alt=\"Derby-Schock bei St. Etienne gegen Olympique Lyon: Linienrichter verletzt!\" src=\"https:\/\/www.europesays.com\/de\/wp-content\/uploads\/2025\/04\/4a5e31b9a099ef4d15e0f90fcb305a5f,c331706e\"   class=\"landscape teaser__image\" loading=\"lazy\"\/><\/a><\/p>\n<p>Quelle: DAZN21.04.2025<\/p>\n<p><b>Farke ist ein Kumpel von <\/b><a href=\"https:\/\/www.bild.de\/sport\/leute\/juergen-klopp\/juergen-klopp-alle-infos-76678944.bild.html\" class=\"text-link\" target=\"_blank\" rel=\"noopener\"><b>J\u00fcrgen Klopp<\/b><\/a><b> (57), dem neuen \u201eHead of Global Soccer\u201c von Red Bull. Der Konzern h\u00e4lt eine Minderheitsbeteiligung an United. <\/b><\/p>\n<p>Der Aufsteiger-Trainer sprach im Kicker vor wenigen Wochen \u00fcber sein Verh\u00e4ltnis zu Klopp: \u201eIch hatte schon immer ein brillantes Verh\u00e4ltnis zu ihm und wusste, dass ich ihn jederzeit anrufen konnte.\u201c Und erg\u00e4nzte mit einem Schmunzeln: \u201eDer einzige Unterschied jetzt ist, dass wir solche Gespr\u00e4che theoretisch sogar als Arbeitszeit verbuchen k\u00f6nnten.\u201c<\/p>\n<p>Jetzt kann er ihn um Tipps fragen, um gegen die ganz Gro\u00dfen in der <a href=\"https:\/\/www.bild.de\/sport\/fussball\/premierleague\/startseite-62423044.bild.html\" class=\"text-link\" target=\"_blank\" rel=\"noopener\">Premier League<\/a> zu bestehen.<\/p>\n","protected":false},"excerpt":{"rendered":"Dem deutschen Trainer gelingt Historisches! Leeds United ist unter Daniel Farke (48) in die Premier League aufgestiegen. Dank&hellip;\n","protected":false},"author":2,"featured_media":50289,"comment_status":"","ping_status":"","sticky":false,"template":"","format":"standard","meta":{"footnotes":""},"categories":[136],"tags":[1263,29,538,24161,30,7645,24159,24160,957,265,1576,45,1261],"class_list":{"0":"post-50288","1":"post","2":"type-post","3":"status-publish","4":"format-standard","5":"has-post-thumbnail","7":"category-sport","8":"tag-aufmacher-bereich","9":"tag-deutschland","10":"tag-erste-bundesliga","11":"tag-farke-daniel","12":"tag-germany","13":"tag-klopp-juergen","14":"tag-leeds-united","15":"tag-norwich-city","16":"tag-premier-league","17":"tag-sport","18":"tag-super-a-teaser","19":"tag-texttospeech","20":"tag-toralarm-top-news"},"share_on_mastodon":{"url":"https:\/\/pubeurope.com\/@de\/114377663918815622","error":""},"_links":{"self":[{"href":"https:\/\/www.europesays.com\/de\/wp-json\/wp\/v2\/posts\/50288","targetHints":{"allow":["GET"]}}],"collection":[{"href":"https:\/\/www.europesays.com\/de\/wp-json\/wp\/v2\/posts"}],"about":[{"href":"https:\/\/www.europesays.com\/de\/wp-json\/wp\/v2\/types\/post"}],"author":[{"embeddable":true,"href":"https:\/\/www.europesays.com\/de\/wp-json\/wp\/v2\/users\/2"}],"replies":[{"embeddable":true,"href":"https:\/\/www.europesays.com\/de\/wp-json\/wp\/v2\/comments?post=50288"}],"version-history":[{"count":0,"href":"https:\/\/www.europesays.com\/de\/wp-json\/wp\/v2\/posts\/50288\/revisions"}],"wp:featuredmedia":[{"embeddable":true,"href":"https:\/\/www.europesays.com\/de\/wp-json\/wp\/v2\/media\/50289"}],"wp:attachment":[{"href":"https:\/\/www.europesays.com\/de\/wp-json\/wp\/v2\/media?parent=50288"}],"wp:term":[{"taxonomy":"category","embeddable":true,"href":"https:\/\/www.europesays.com\/de\/wp-json\/wp\/v2\/categories?post=50288"},{"taxonomy":"post_tag","embeddable":true,"href":"https:\/\/www.europesays.com\/de\/wp-json\/wp\/v2\/tags?post=50288"}],"curies":[{"name":"wp","href":"https:\/\/api.w.org\/{rel}","templated":true}]}}