{"id":502896,"date":"2025-10-16T09:57:12","date_gmt":"2025-10-16T09:57:12","guid":{"rendered":"https:\/\/www.europesays.com\/de\/502896\/"},"modified":"2025-10-16T09:57:12","modified_gmt":"2025-10-16T09:57:12","slug":"cybertech-europe-2025","status":"publish","type":"post","link":"https:\/\/www.europesays.com\/de\/502896\/","title":{"rendered":"Cybertech Europe 2025"},"content":{"rendered":"<p class=\"kicker\">Cybertech Europe 2025<\/p>\n<p class=\"metadata\">16.10.2025, Rom<\/p>\n<p>\t\t\t\tEvent Findet statt am:21.10.2025, 09:00 Uhrbis22.10.2025, 18:00 Uhr<\/p>\n<p>\t\t\t\tRom wird zum achten Mal in Folge zum Zentrum der Cybersicherheitswelt und verzeichnet Besucherrekord<\/p>\n<p>Vom 21. bis 22. Oktober 2025 findet die\u00a0Cybertech Europe\u00a0erneut im Kongresszentrum\u00a0La Nuvola\u00a0in Rom statt. Die Veranstaltung bringt f\u00fchrende Unternehmen, Innovatoren und Entscheidungstr\u00e4ger aus aller Welt im Bereich Cybersicherheit zusammen. Die diesj\u00e4hrige Ausgabe der Konferenzreihe wird die bislang gr\u00f6\u00dfte sein \u2013 mit 20 Prozent mehr Teilnehmenden als im Vorjahr.<br \/>\n\u00a0\n<\/p>\n<p>Mit einem Wachstum von \u00fcber 20 Prozent im Vergleich zu 2024 steuert die Cybertech Europe 2025 auf eine Rekordausgabe zu und unterstreicht damit ihre Position als f\u00fchrende internationale Plattform der Cybersicherheitsbranche<\/p>\n<p>Zu den Referenten z\u00e4hlen einflussreiche Pers\u00f6nlichkeiten der Cybersecurity-Branche \u2013 darunter internationale F\u00fchrungskr\u00e4fte, CISOs, Vertreter aus Politik, Verwaltung und Wirtschaft und Experten aus Wissenschaft und Forschung. Die Agenda bietet hochkar\u00e4tige Vortr\u00e4ge und vielf\u00e4ltige Diskussionsrunden, die Einblicke in die zentralen globalen Cyber-Herausforderungen geben. Gleichzeitig werden konkrete L\u00f6sungen in strategischen Bereichen wie Finanzen, kritische Infrastrukturen, Verteidigung und neue Technologien vorgestellt. \u00dcber zwei Tage hinweg bietet die Kombination aus Konferenz und Ausstellung eine einzigartige Gelegenheit, Markttrends fr\u00fchzeitig zu erkennen, strategische Partnerschaften zu kn\u00fcpfen und Next-Gen-Sicherheitsl\u00f6sungen zu entdecken. Dabei spielt insbesondere k\u00fcnstliche Intelligenz eine immer wichtigere Rolle: sie pr\u00e4gt die Weiterentwicklung von Verteidigungsstrategien, die Automatisierung von Bedrohungserkennung und optimiert Reaktionsprozesse in Echtzeit.<br \/>\n\u00a0<\/p>\n<p>Cybersicherheit als strategische Priorit\u00e4t<\/p>\n<p>Angesichts der rasant wachsenden Bedrohungslage bleibt Cybersicherheit eine zentrale strategische Priorit\u00e4t f\u00fcr digitale Investitionen. 2025 zeichnet sich in diesem Bereich ein deutlicher Wachstumsschub ab: Allein im vergangenen Jahr wurden \u00fcber\u00a030.000 neue Schwachstellen\u00a0entdeckt \u2013 ein Anstieg von 17 Prozent im Vergleich zu 2024. Gleichzeitig \u00fcberstiegen die weltweiten Ausgaben f\u00fcr Cybersicherheit erstmals 200 Milliarden US-Dollar, angetrieben durch eine Welle immer raffinierterer Angriffe, die zunehmend auf offensive KI und\u00a0t\u00e4uschend echte Deepfakes\u00a0zur\u00fcckgehen.<\/p>\n<p>Weitere Informationen zur Veranstaltung, das vollst\u00e4ndige Programm und aktuelle Updates finden Sie unter\u00a0<a target=\"_blank\" href=\"https:\/\/italy.cybertechconference.com\/\" rel=\"nofollow noopener\">Cybertech Europe 2025 Website<\/a> . <\/p>\n<p>\t\t\t\t\t\t\t\t&#13;<br \/>\n\t\t\t\t\t&#13;<br \/>\n&#13;<br \/>\n&#13;<br \/>\n\t\t\t\t\t&#13;<br \/>\n&#13;<br \/>\n\t\t\t\t\t&#13;<br \/>\n&#13;<\/p>\n","protected":false},"excerpt":{"rendered":"Cybertech Europe 2025 16.10.2025, Rom Event Findet statt am:21.10.2025, 09:00 Uhrbis22.10.2025, 18:00 Uhr Rom wird zum achten Mal&hellip;\n","protected":false},"author":2,"featured_media":502897,"comment_status":"","ping_status":"","sticky":false,"template":"","format":"standard","meta":{"footnotes":""},"categories":[3933],"tags":[331,332,548,663,158,3934,3935,13,14,15,12],"class_list":{"0":"post-502896","1":"post","2":"type-post","3":"status-publish","4":"format-standard","5":"has-post-thumbnail","7":"category-eu","8":"tag-aktuelle-nachrichten","9":"tag-aktuelle-news","10":"tag-eu","11":"tag-europa","12":"tag-europaeische-union","13":"tag-europe","14":"tag-european-union","15":"tag-headlines","16":"tag-nachrichten","17":"tag-news","18":"tag-schlagzeilen"},"share_on_mastodon":{"url":"https:\/\/pubeurope.com\/@de\/115383254596998660","error":""},"_links":{"self":[{"href":"https:\/\/www.europesays.com\/de\/wp-json\/wp\/v2\/posts\/502896","targetHints":{"allow":["GET"]}}],"collection":[{"href":"https:\/\/www.europesays.com\/de\/wp-json\/wp\/v2\/posts"}],"about":[{"href":"https:\/\/www.europesays.com\/de\/wp-json\/wp\/v2\/types\/post"}],"author":[{"embeddable":true,"href":"https:\/\/www.europesays.com\/de\/wp-json\/wp\/v2\/users\/2"}],"replies":[{"embeddable":true,"href":"https:\/\/www.europesays.com\/de\/wp-json\/wp\/v2\/comments?post=502896"}],"version-history":[{"count":0,"href":"https:\/\/www.europesays.com\/de\/wp-json\/wp\/v2\/posts\/502896\/revisions"}],"wp:featuredmedia":[{"embeddable":true,"href":"https:\/\/www.europesays.com\/de\/wp-json\/wp\/v2\/media\/502897"}],"wp:attachment":[{"href":"https:\/\/www.europesays.com\/de\/wp-json\/wp\/v2\/media?parent=502896"}],"wp:term":[{"taxonomy":"category","embeddable":true,"href":"https:\/\/www.europesays.com\/de\/wp-json\/wp\/v2\/categories?post=502896"},{"taxonomy":"post_tag","embeddable":true,"href":"https:\/\/www.europesays.com\/de\/wp-json\/wp\/v2\/tags?post=502896"}],"curies":[{"name":"wp","href":"https:\/\/api.w.org\/{rel}","templated":true}]}}