{"id":502898,"date":"2025-10-16T09:58:16","date_gmt":"2025-10-16T09:58:16","guid":{"rendered":"https:\/\/www.europesays.com\/de\/502898\/"},"modified":"2025-10-16T09:58:16","modified_gmt":"2025-10-16T09:58:16","slug":"munich-re-warnt-vor-unruhenrisiko-bei-schwachem-wirtschaftswachstum-in-europa","status":"publish","type":"post","link":"https:\/\/www.europesays.com\/de\/502898\/","title":{"rendered":"Munich Re warnt vor Unruhenrisiko bei schwachem Wirtschaftswachstum in Europa"},"content":{"rendered":"<p>Schwaches Wirtschaftswachstum in Europa k\u00f6nnte zu einem steigenden Risiko von zivilen Unruhen f\u00fchren, warnte eine Spitzenmanagerin des deutschen Versicherers Munich Re am Donnerstag.<\/p>\n<p>\nClarisse Kopff, Vorstandsmitglied mit Zust\u00e4ndigkeit f\u00fcr das Gesch\u00e4ft in Europa und Lateinamerika, erkl\u00e4rte, dass das geringere Wirtschaftswachstum in Europa im Vergleich zu den Vereinigten Staaten und China bereits zu Spannungen f\u00fchre.<\/p>\n<p>\n,,Dies wird den Druck auf die Kaufkraft der europ\u00e4ischen B\u00fcrgerinnen und B\u00fcrger erh\u00f6hen &#8230; Das k\u00f6nnte zu mehr Ausschreitungen und zivilen Unruhen f\u00fchren&#8220;, sagte sie gegen\u00fcber Journalisten.<\/p>\n<p>\nDer Internationale W\u00e4hrungsfonds prognostizierte diese Woche f\u00fcr 2026 ein Wirtschaftswachstum von 2,1\u00a0% in den Vereinigten Staaten und 4,2\u00a0% in China, w\u00e4hrend die Eurozone voraussichtlich nur um 1,1\u00a0% wachsen wird.<\/p>\n<p>\nZivile Unruhen geh\u00f6rten zu mehreren Risiken, auf die der weltweit gr\u00f6\u00dfte R\u00fcckversicherer im Vorfeld eines Branchentreffens in Baden-Baden, Deutschland, hinwies.<\/p>\n<p>\nMunich Re verwies zudem auf ein steigendes Risiko von Hagelsch\u00e4den in Europa infolge der Klimaerw\u00e4rmung sowie auf Cyberrisiken, die insbesondere in Europa &#8211; wo die Cyber-Versicherungsdichte vergleichsweise gering ist &#8211; zu Betriebsunterbrechungen f\u00fchren k\u00f6nnten.<\/p>\n","protected":false},"excerpt":{"rendered":"Schwaches Wirtschaftswachstum in Europa k\u00f6nnte zu einem steigenden Risiko von zivilen Unruhen f\u00fchren, warnte eine Spitzenmanagerin des deutschen&hellip;\n","protected":false},"author":2,"featured_media":502899,"comment_status":"","ping_status":"","sticky":false,"template":"","format":"standard","meta":{"footnotes":""},"categories":[3933],"tags":[331,332,665,548,663,158,3934,3935,13,14,15,12],"class_list":{"0":"post-502898","1":"post","2":"type-post","3":"status-publish","4":"format-standard","5":"has-post-thumbnail","7":"category-eu","8":"tag-aktuelle-nachrichten","9":"tag-aktuelle-news","10":"tag-boerse","11":"tag-eu","12":"tag-europa","13":"tag-europaeische-union","14":"tag-europe","15":"tag-european-union","16":"tag-headlines","17":"tag-nachrichten","18":"tag-news","19":"tag-schlagzeilen"},"share_on_mastodon":{"url":"https:\/\/pubeurope.com\/@de\/115383258668655600","error":""},"_links":{"self":[{"href":"https:\/\/www.europesays.com\/de\/wp-json\/wp\/v2\/posts\/502898","targetHints":{"allow":["GET"]}}],"collection":[{"href":"https:\/\/www.europesays.com\/de\/wp-json\/wp\/v2\/posts"}],"about":[{"href":"https:\/\/www.europesays.com\/de\/wp-json\/wp\/v2\/types\/post"}],"author":[{"embeddable":true,"href":"https:\/\/www.europesays.com\/de\/wp-json\/wp\/v2\/users\/2"}],"replies":[{"embeddable":true,"href":"https:\/\/www.europesays.com\/de\/wp-json\/wp\/v2\/comments?post=502898"}],"version-history":[{"count":0,"href":"https:\/\/www.europesays.com\/de\/wp-json\/wp\/v2\/posts\/502898\/revisions"}],"wp:featuredmedia":[{"embeddable":true,"href":"https:\/\/www.europesays.com\/de\/wp-json\/wp\/v2\/media\/502899"}],"wp:attachment":[{"href":"https:\/\/www.europesays.com\/de\/wp-json\/wp\/v2\/media?parent=502898"}],"wp:term":[{"taxonomy":"category","embeddable":true,"href":"https:\/\/www.europesays.com\/de\/wp-json\/wp\/v2\/categories?post=502898"},{"taxonomy":"post_tag","embeddable":true,"href":"https:\/\/www.europesays.com\/de\/wp-json\/wp\/v2\/tags?post=502898"}],"curies":[{"name":"wp","href":"https:\/\/api.w.org\/{rel}","templated":true}]}}