{"id":502900,"date":"2025-10-16T09:59:12","date_gmt":"2025-10-16T09:59:12","guid":{"rendered":"https:\/\/www.europesays.com\/de\/502900\/"},"modified":"2025-10-16T09:59:12","modified_gmt":"2025-10-16T09:59:12","slug":"merz-fordert-von-eu-staerkeres-internationales-engagement","status":"publish","type":"post","link":"https:\/\/www.europesays.com\/de\/502900\/","title":{"rendered":"Merz fordert von EU st\u00e4rkeres internationales Engagement"},"content":{"rendered":"<p class=\"tracking-tight font-semibold text-base\" q:key=\"O8_0\">Der deutsche Kanzler Merz fordert st\u00e4rkeres internationales Engagement Europas nach dem Gaza-Friedensplan.<\/p>\n<p><img onload=\"this.style.backgroundColor = ''\" loading=\"eager\" fetchpriority=\"high\" decoding=\"sync\" height=\"450\" alt=\"Merz\" width=\"900\"  style=\"aspect-ratio:2;object-fit:cover;background-color:#A5A9AE\"  src=\"https:\/\/www.europesays.com\/de\/wp-content\/uploads\/2025\/10\/merz.jpg\" class=\"rounded-xl mx-auto\" on:load=\"q-DJ8QvbLR.js#s_pVFDuJsFGxQ\"\/>Friedrich Merz: \u00abSeit Montag dieser Woche gibt es wieder Hoffnung auf einen echten, dauerhaften Frieden in der Region.\u00bb (Archivbild) &#8211; dpa<\/p>\n<p preventdefault:click=\"\" lang=\"de\" class=\"text-base hyphens-auto\" on:click=\"q-DZWt_kAh.js#s_Dola2XqN0FU[0 1]\" q:key=\"YR_0\" q:id=\"59\">Der deutsche Kanzler Friedrich Merz wertet die <a href=\"https:\/\/www.nau.ch\/politik\/international\/deutscher-bundeskanzler-reist-zu-gaza-treffen-nach-agypten-67053794\" rel=\"nofollow noopener\" target=\"_blank\">Einigung auf den Gaza-Friedensplan<\/a> von US-Pr\u00e4sident <a href=\"https:\/\/www.nau.ch\/politik\/donald-trump\" rel=\"nofollow noopener\" target=\"_blank\">Donald Trump<\/a> als Aufforderung an Europa, sich noch st\u00e4rker international zu engagieren. \u00abSeit Montag dieser Woche gibt es wieder Hoffnung auf einen echten, dauerhaften Frieden in der Region\u00bb, sagte der Christdemokrat in einer Regierungserkl\u00e4rung im <a href=\"https:\/\/www.nau.ch\/politik\/bundestag\" rel=\"nofollow noopener\" target=\"_blank\">Bundestag<\/a>.<\/p>\n<p preventdefault:click=\"\" lang=\"de\" class=\"text-base hyphens-auto\" on:click=\"q-DZWt_kAh.js#s_Dola2XqN0FU[0 1]\" q:key=\"YR_0\" q:id=\"5b\">Dies sei \u00abm\u00f6glich gewesen, weil Staaten und Staats- und Regierungschefs zusammengearbeitet haben, und weil sie an ihrer Entschlossenheit keinen Zweifel gelassen haben, diesen schrecklichen <a href=\"https:\/\/www.nau.ch\/news\/krieg\" rel=\"nofollow noopener\" target=\"_blank\">Krieg<\/a> zu beenden\u00bb.<\/p>\n<p preventdefault:click=\"\" lang=\"de\" class=\"text-base hyphens-auto\" on:click=\"q-DZWt_kAh.js#s_Dola2XqN0FU[0 1]\" q:key=\"YR_0\" q:id=\"5d\">Die Staatschefs der USA, Katars, \u00c4gyptens und der T\u00fcrkei hatten am Montag in \u00c4gypten ein Dokument unterzeichnet, das die geltende Waffenruhe auf Basis des 20-Punkte-Plans von Trump festigen soll. Man habe \u00aberlebt, was m\u00f6glich ist, wenn die V\u00f6lkergemeinschaft zusammenarbeitet. Politisches Handeln macht einen Unterschied in dieser Welt zum Guten wie zum Schlechten\u00bb, sagte der Kanzler.<\/p>\n<p preventdefault:click=\"\" lang=\"de\" class=\"text-base hyphens-auto\" on:click=\"q-DZWt_kAh.js#s_Dola2XqN0FU[0 1]\" q:key=\"YR_0\" q:id=\"5f\">\u00abDeshalb ist dieser vergangene Montag f\u00fcr mich ein Anlass, uns der eigenen Verantwortung zum Handeln noch entschiedener zu stellen\u00bb, forderte er. \u00abEuropa muss seine M\u00f6glichkeiten entschlossener und geschlossener nutzen und muss seine Macht zum Einsatz bringen, um die Welt zum Besseren zu gestalten.\u00bb<\/p>\n<p preventdefault:click=\"\" lang=\"de\" class=\"text-base hyphens-auto\" on:click=\"q-DZWt_kAh.js#s_Dola2XqN0FU[0 1]\" q:key=\"YR_0\" q:id=\"5h\">Eine Friedensmacht zu sein, bleibe die Grundidee der Europ\u00e4ischen Union und sei auch eine zentrale Gr\u00fcndungsidee der Bundesrepublik Deutschland, sagte Merz und betonte den zweiten Teil des Wortes \u00abFriedensmacht\u00bb.<\/p>\n<p preventdefault:click=\"\" lang=\"de\" class=\"text-base hyphens-auto\" on:click=\"q-DZWt_kAh.js#s_Dola2XqN0FU[0 1]\" q:key=\"YR_0\" q:id=\"5j\">Frieden in Freiheit gelinge nur, wo der Frieden unterlegt sei mit wirtschaftlicher und politischer St\u00e4rke, Entschlossenheit sowie auch mit milit\u00e4rischer St\u00e4rke. \u00abDenn in dieser rauer werdenden und gewordenen Welt gilt: Nur St\u00e4rke bewahrt Frieden. Und Schw\u00e4che bringt den Frieden ins Wanken\u00bb, erg\u00e4nzte Merz.<\/p>\n","protected":false},"excerpt":{"rendered":"Der deutsche Kanzler Merz fordert st\u00e4rkeres internationales Engagement Europas nach dem Gaza-Friedensplan. Friedrich Merz: \u00abSeit Montag dieser Woche&hellip;\n","protected":false},"author":2,"featured_media":502901,"comment_status":"","ping_status":"","sticky":false,"template":"","format":"standard","meta":{"footnotes":""},"categories":[3933],"tags":[331,332,548,663,125769,158,3934,3935,125771,775,125768,13,14,15,12,125770],"class_list":{"0":"post-502900","1":"post","2":"type-post","3":"status-publish","4":"format-standard","5":"has-post-thumbnail","7":"category-eu","8":"tag-aktuelle-nachrichten","9":"tag-aktuelle-news","10":"tag-eu","11":"tag-europa","12":"tag-europa-engagement","13":"tag-europaeische-union","14":"tag-europe","15":"tag-european-union","16":"tag-friedensmacht","17":"tag-friedrich-merz","18":"tag-gaza-friedensplan","19":"tag-headlines","20":"tag-nachrichten","21":"tag-news","22":"tag-schlagzeilen","23":"tag-voelkergemeinschaft-zusammenarbeit"},"share_on_mastodon":{"url":"https:\/\/pubeurope.com\/@de\/115383263164184034","error":""},"_links":{"self":[{"href":"https:\/\/www.europesays.com\/de\/wp-json\/wp\/v2\/posts\/502900","targetHints":{"allow":["GET"]}}],"collection":[{"href":"https:\/\/www.europesays.com\/de\/wp-json\/wp\/v2\/posts"}],"about":[{"href":"https:\/\/www.europesays.com\/de\/wp-json\/wp\/v2\/types\/post"}],"author":[{"embeddable":true,"href":"https:\/\/www.europesays.com\/de\/wp-json\/wp\/v2\/users\/2"}],"replies":[{"embeddable":true,"href":"https:\/\/www.europesays.com\/de\/wp-json\/wp\/v2\/comments?post=502900"}],"version-history":[{"count":0,"href":"https:\/\/www.europesays.com\/de\/wp-json\/wp\/v2\/posts\/502900\/revisions"}],"wp:featuredmedia":[{"embeddable":true,"href":"https:\/\/www.europesays.com\/de\/wp-json\/wp\/v2\/media\/502901"}],"wp:attachment":[{"href":"https:\/\/www.europesays.com\/de\/wp-json\/wp\/v2\/media?parent=502900"}],"wp:term":[{"taxonomy":"category","embeddable":true,"href":"https:\/\/www.europesays.com\/de\/wp-json\/wp\/v2\/categories?post=502900"},{"taxonomy":"post_tag","embeddable":true,"href":"https:\/\/www.europesays.com\/de\/wp-json\/wp\/v2\/tags?post=502900"}],"curies":[{"name":"wp","href":"https:\/\/api.w.org\/{rel}","templated":true}]}}