{"id":502914,"date":"2025-10-16T10:07:24","date_gmt":"2025-10-16T10:07:24","guid":{"rendered":"https:\/\/www.europesays.com\/de\/502914\/"},"modified":"2025-10-16T10:07:24","modified_gmt":"2025-10-16T10:07:24","slug":"bayern-nuernberg-ice-tigers-verpflichten-stuermer","status":"publish","type":"post","link":"https:\/\/www.europesays.com\/de\/502914\/","title":{"rendered":"Bayern: N\u00fcrnberg Ice Tigers verpflichten St\u00fcrmer"},"content":{"rendered":"<p>                    Bayern<br \/>\n                N\u00fcrnberg Ice Tigers verpflichten St\u00fcrmer<\/p>\n<p>\t\t\t\t              16.10.2025, 11:50 Uhr<\/p>\n<p><strong>Die N\u00fcrnberg Ice Tigers haben in der Offensive nachgelegt. Der DEL-Club holt noch einen gro\u00dfen, robusten Angreifer.<\/strong><\/p>\n<p>N\u00fcrnberg (dpa\/lby) &#8211; Die N\u00fcrnberg Ice Tigers haben auf ihre Verletzungsprobleme im Angriff reagiert. Der Verein der Deutschen Eishockey Liga (DEL) hat Brett Murray als weiteren St\u00fcrmer verpflichtet. Der 27-j\u00e4hrige Kanadier spielte zuletzt f\u00fcr die Rochester Americans in der American Hockey League (AHL). Er erh\u00e4lt einen Vertrag bis zum Ende der laufenden Saison.<\/p>\n<p>In 359 AHL-Spielen f\u00fcr Rochester kam der 1,95 Meter gro\u00dfe Murray auf 108 Tore und 115 Vorlagen. &#8222;Brett Murray ist ein gro\u00dfer und schwerer Spieler, der seine St\u00e4rken tief im gegnerischen Drittel und vor dem Tor hat&#8220;, sagte N\u00fcrnbergs Sportdirektor Stefan Ustorf: &#8222;Ich glaube, er ist ein Spielertyp, der uns in dieser Saison noch ein bisschen gefehlt hat.&#8220;\u00a0<\/p>\n<p>Murray k\u00f6nnte schon am Freitagabend im DEL-Spiel beim ERC Ingolstadt erstmals zum Aufgebot der Ice Tigers geh\u00f6ren.<\/p>\n","protected":false},"excerpt":{"rendered":"Bayern N\u00fcrnberg Ice Tigers verpflichten St\u00fcrmer 16.10.2025, 11:50 Uhr Die N\u00fcrnberg Ice Tigers haben in der Offensive nachgelegt.&hellip;\n","protected":false},"author":2,"featured_media":502915,"comment_status":"","ping_status":"","sticky":false,"template":"","format":"standard","meta":{"footnotes":""},"categories":[1837],"tags":[772,3364,29,30,2229,3783,9095,16205],"class_list":{"0":"post-502914","1":"post","2":"type-post","3":"status-publish","4":"format-standard","5":"has-post-thumbnail","7":"category-nuernberg","8":"tag-bayern","9":"tag-de","10":"tag-deutschland","11":"tag-germany","12":"tag-ice","13":"tag-nuernberg","14":"tag-stuermer","15":"tag-tigers"},"share_on_mastodon":{"url":"https:\/\/pubeurope.com\/@de\/115383293908499204","error":""},"_links":{"self":[{"href":"https:\/\/www.europesays.com\/de\/wp-json\/wp\/v2\/posts\/502914","targetHints":{"allow":["GET"]}}],"collection":[{"href":"https:\/\/www.europesays.com\/de\/wp-json\/wp\/v2\/posts"}],"about":[{"href":"https:\/\/www.europesays.com\/de\/wp-json\/wp\/v2\/types\/post"}],"author":[{"embeddable":true,"href":"https:\/\/www.europesays.com\/de\/wp-json\/wp\/v2\/users\/2"}],"replies":[{"embeddable":true,"href":"https:\/\/www.europesays.com\/de\/wp-json\/wp\/v2\/comments?post=502914"}],"version-history":[{"count":0,"href":"https:\/\/www.europesays.com\/de\/wp-json\/wp\/v2\/posts\/502914\/revisions"}],"wp:featuredmedia":[{"embeddable":true,"href":"https:\/\/www.europesays.com\/de\/wp-json\/wp\/v2\/media\/502915"}],"wp:attachment":[{"href":"https:\/\/www.europesays.com\/de\/wp-json\/wp\/v2\/media?parent=502914"}],"wp:term":[{"taxonomy":"category","embeddable":true,"href":"https:\/\/www.europesays.com\/de\/wp-json\/wp\/v2\/categories?post=502914"},{"taxonomy":"post_tag","embeddable":true,"href":"https:\/\/www.europesays.com\/de\/wp-json\/wp\/v2\/tags?post=502914"}],"curies":[{"name":"wp","href":"https:\/\/api.w.org\/{rel}","templated":true}]}}