{"id":502921,"date":"2025-10-16T10:11:13","date_gmt":"2025-10-16T10:11:13","guid":{"rendered":"https:\/\/www.europesays.com\/de\/502921\/"},"modified":"2025-10-16T10:11:13","modified_gmt":"2025-10-16T10:11:13","slug":"unfall-auf-a4-zwei-lkw-kollidieren-bei-gotha-autobahn-richtung-dresden-gesperrt","status":"publish","type":"post","link":"https:\/\/www.europesays.com\/de\/502921\/","title":{"rendered":"Unfall auf A4: Zwei Lkw kollidieren bei Gotha &#8211; Autobahn Richtung Dresden gesperrt"},"content":{"rendered":"<p class=\"text\">\nNach einem Lkw-Auffahrunfall <a href=\"https:\/\/www.mdr.de\/nachrichten\/thueringen\/west-thueringen\/gotha\/unfall-autobahn-lkw-wandersleben-100.html\" title=\"Lkw-Unfall in Th\u00fcringen: Stundenlange Behinderungen auf A4 - H\u00fchner im F\u00fchrerhaus\" target=\"_blank\" rel=\"noopener\">auf der Autobahn 4 bei Gotha<\/a> staut sich der Verkehr kilometerweit. Wie eine Polizeisprecherin sagte, sind auch die Umgehungsstra\u00dfen dicht.\n<\/p>\n<p class=\"text\">\nDer Verkehr wird aktuell in S\u00e4ttelst\u00e4dt von der A4 abgeleitet. An der Unfallstelle ist inzwischen ein Kran eingetroffen, der die beiden umgekippten Lkw aufrichten soll. Es handelt sich um Postdienstleister, deren Pakete sich zum Teil auf der Autobahn verteilt haben. Insgesamt hatten die Transporter 13 Tonnen Pakete geladen.\n<\/p>\n<p>Aufprall mit voller Geschwindigkeit<\/p>\n<p class=\"text\">\nKurz vor 3 Uhr war zwischen Gotha-Boxberg und Gotha in Fahrrichtung Dresden ein Lkw mit voller Geschwindigkeit auf einen anderen aufgefahren. Durch die Wucht des Aufpralls wurde der erste Lkw in den Stra\u00dfengraben geschoben. Ein Containerauflieger rutschte auf die Fahrbahn. Es lief Diesel aus.\n<\/p>\n<p>Bis Nachmittag gesperrt<\/p>\n<p class=\"text\">\nDie Fahrbahn wurde nach Polizeiangaben auch besch\u00e4digt. Die beiden 45- und 46-j\u00e4hrigen Fahrer wurden nach bisherigen Erkenntnissen leicht verletzt. Sie sind laut Polizei mittlerweile wieder aus dem Krankenhaus entlassen.\n<\/p>\n<p class=\"text\">\nAktuell rechnet die Autobahnpolizei damit, dass die A4 bei Gotha in Richtung Dresden noch bis zum fr\u00fchen Nachmittag voll gesperrt bleibt.<\/p>\n","protected":false},"excerpt":{"rendered":"Nach einem Lkw-Auffahrunfall auf der Autobahn 4 bei Gotha staut sich der Verkehr kilometerweit. Wie eine Polizeisprecherin sagte,&hellip;\n","protected":false},"author":2,"featured_media":502922,"comment_status":"","ping_status":"","sticky":false,"template":"","format":"standard","meta":{"footnotes":""},"categories":[1835],"tags":[125772,3364,29,2386,30,1962,81,14,859,5716,861,1284],"class_list":{"0":"post-502921","1":"post","2":"type-post","3":"status-publish","4":"format-standard","5":"has-post-thumbnail","7":"category-dresden","8":"tag-autobahn-4","9":"tag-de","10":"tag-deutschland","11":"tag-dresden","12":"tag-germany","13":"tag-lkw","14":"tag-mdr","15":"tag-nachrichten","16":"tag-sachsen","17":"tag-stau","18":"tag-thueringen","19":"tag-unfall"},"share_on_mastodon":{"url":"https:\/\/pubeurope.com\/@de\/115383309762411126","error":""},"_links":{"self":[{"href":"https:\/\/www.europesays.com\/de\/wp-json\/wp\/v2\/posts\/502921","targetHints":{"allow":["GET"]}}],"collection":[{"href":"https:\/\/www.europesays.com\/de\/wp-json\/wp\/v2\/posts"}],"about":[{"href":"https:\/\/www.europesays.com\/de\/wp-json\/wp\/v2\/types\/post"}],"author":[{"embeddable":true,"href":"https:\/\/www.europesays.com\/de\/wp-json\/wp\/v2\/users\/2"}],"replies":[{"embeddable":true,"href":"https:\/\/www.europesays.com\/de\/wp-json\/wp\/v2\/comments?post=502921"}],"version-history":[{"count":0,"href":"https:\/\/www.europesays.com\/de\/wp-json\/wp\/v2\/posts\/502921\/revisions"}],"wp:featuredmedia":[{"embeddable":true,"href":"https:\/\/www.europesays.com\/de\/wp-json\/wp\/v2\/media\/502922"}],"wp:attachment":[{"href":"https:\/\/www.europesays.com\/de\/wp-json\/wp\/v2\/media?parent=502921"}],"wp:term":[{"taxonomy":"category","embeddable":true,"href":"https:\/\/www.europesays.com\/de\/wp-json\/wp\/v2\/categories?post=502921"},{"taxonomy":"post_tag","embeddable":true,"href":"https:\/\/www.europesays.com\/de\/wp-json\/wp\/v2\/tags?post=502921"}],"curies":[{"name":"wp","href":"https:\/\/api.w.org\/{rel}","templated":true}]}}