{"id":502952,"date":"2025-10-16T10:27:12","date_gmt":"2025-10-16T10:27:12","guid":{"rendered":"https:\/\/www.europesays.com\/de\/502952\/"},"modified":"2025-10-16T10:27:12","modified_gmt":"2025-10-16T10:27:12","slug":"in-koeln-geborener-schlager-star-verstirbt-mit-85-jahren","status":"publish","type":"post","link":"https:\/\/www.europesays.com\/de\/502952\/","title":{"rendered":"In K\u00f6ln geborener Schlager-Star verstirbt mit 85 Jahren"},"content":{"rendered":"<p>Er wurde 85 Jahre alt <\/p>\n<p>In K\u00f6ln geboren: Schlager-Legende Jack White ist tot<\/p>\n<p>16.10.2025 &#8211; 11:56 UhrLesedauer: 1 Min.<\/p>\n<p><a href=\"#focus-0\" class=\"transition-colors duration-200 block text-current relative\" data-sctrack=\"FocusGalleryImage.Reference\"><img fetchpriority=\"high\" data-testid=\"Opener.Image\" style=\"--lqipURL:url('https:\/\/images.t-online.de\/2025\/09\/7ONFzYZRPBR9\/0x0:965x543\/fit-in\/150x0\/filters:blur(25)\/jack-white-zaehlt-zu-den-erfolgreichsten-musikproduzenten.jpg')\"   loading=\"eager\" src=\"https:\/\/www.europesays.com\/de\/wp-content\/uploads\/2025\/10\/jack-white-zaehlt-zu-den-erfolgreichsten-musikproduzenten.jpg\" alt=\"Jack White z\u00e4hlt zu den erfolgreichsten Musikproduzenten.\" title=\"Jack White z\u00e4hlt zu den erfolgreichsten Musikproduzenten.\" width=\"965\" height=\"543\" class=\"bg-[url:var(--lqipURL)] bg-cover bg-center flex h-full w-full max-w-full\" decoding=\"async\"\/><img style=\"--width:32;--height:32\" loading=\"lazy\" src=\"https:\/\/www.t-online.de\/s\/paper\/_next\/static\/media\/zoom-in.f7dae02f.svg\" alt=\"Vergr\u00f6\u00dfern des Bildes\" title=\"Vergr\u00f6\u00dfern des Bildes\" class=\"block h-[calc(var(--height)_\/_16_*_1rem)] w-[calc(var(--width)_\/_16_*_1rem)] max-w-none absolute bottom-8 right-8 rounded-4 bg-snow p-8\" decoding=\"async\"\/><\/a><\/p>\n<p>Jack White (Archivbild); Er hat etliche Hit-Songs produziert. (Quelle: Bernd von Jutrczenka, dpa)<\/p>\n<p class=\"font-bold text-18 leading-17\">Der geb\u00fcrtige K\u00f6lner Schlager-Star Jack White ist Medienberichten zufolge verstorben. Der Musikproduzent wurde demnach 85 Jahre alt.<\/p>\n<p class=\"text-18 leading-17\">Der Schlager-Star und ehemalige Fu\u00dfballspieler <a class=\"transition-colors duration-200 cursor-pointer text-inherit no-underline text-salemsfur md:hover:text-magenta md:hover:border-magenta md:focus:text-magenta border-current border-b border-solid break-words\" href=\"https:\/\/www.t-online.de\/themen\/jack-white\/\" data-sctrack=\"BodyAnchor\" target=\"_blank\" rel=\"noopener\">Jack White<\/a> ist tot. Das berichten mehrere Medien \u00fcbereinstimmend. Demnach verstarb der geb\u00fcrtige K\u00f6lner in seinem Haus in <a rel=\"nofollow noopener\" target=\"_blank\" class=\"transition-colors duration-200 cursor-pointer text-inherit no-underline text-salemsfur md:hover:text-magenta md:hover:border-magenta md:focus:text-magenta border-current border-b border-solid break-words\" href=\"https:\/\/berlin.t-online.de\/region\/berlin\/\" data-sctrack=\"BodyAnchor\">Berlin<\/a> im Alter von 85 Jahren.<\/p>\n<p class=\"text-18 leading-17\">White, der mit b\u00fcrgerlichem Namen Horst Nu\u00dfbaum hie\u00df, wurde am 2. September 1940 in <a class=\"transition-colors duration-200 cursor-pointer text-inherit no-underline text-salemsfur md:hover:text-magenta md:hover:border-magenta md:focus:text-magenta border-current border-b border-solid break-words\" href=\"https:\/\/www.t-online.de\/region\/koeln\/\" data-sctrack=\"BodyAnchor\" target=\"_blank\" rel=\"noopener\">K\u00f6ln<\/a> geboren. In seiner Jugend begann er beim SC Viktoria K\u00f6ln mit dem Fu\u00dfballspielen, im Laufe der 60er-Jahre spielte er beim FK <a class=\"transition-colors duration-200 cursor-pointer text-inherit no-underline text-salemsfur md:hover:text-magenta md:hover:border-magenta md:focus:text-magenta border-current border-b border-solid break-words\" href=\"https:\/\/www.t-online.de\/themen\/pirmasens\/\" data-sctrack=\"BodyAnchor\" target=\"_blank\" rel=\"noopener\">Pirmasens<\/a>, beim TSC <a class=\"transition-colors duration-200 cursor-pointer text-inherit no-underline text-salemsfur md:hover:text-magenta md:hover:border-magenta md:focus:text-magenta border-current border-b border-solid break-words\" href=\"https:\/\/www.t-online.de\/themen\/zweibruecken\/\" data-sctrack=\"BodyAnchor\" target=\"_blank\" rel=\"noopener\">Zweibr\u00fccken<\/a> und bei der <a class=\"transition-colors duration-200 cursor-pointer text-inherit no-underline text-salemsfur md:hover:text-magenta md:hover:border-magenta md:focus:text-magenta border-current border-b border-solid break-words\" href=\"https:\/\/www.t-online.de\/themen\/psv-eindhoven\/\" data-sctrack=\"BodyAnchor\" target=\"_blank\" rel=\"noopener\">PSV Eindhoven<\/a>.<\/p>\n<p class=\"text-18 leading-17\">1967 brachte er sein erstes Musikalbum heraus, war in Zukunft jedoch vermehrt als Produzent und Komponist f\u00fcr andere K\u00fcnstler t\u00e4tig. Allein in den 70er-Jahren soll White so etwa 1.000 Lieder geschrieben haben, Titel wie &#8222;Sch\u00f6ne Maid&#8220;, &#8222;Eine neue Liebe ist wie ein neues Leben&#8220; und &#8222;Heute so, morgen so&#8220; stammen aus seiner Feder. 2014 beendete er seine musikalische Karriere.<\/p>\n<p class=\"text-18 leading-17\">White soll am Donnerstag leblos in seinem Haus in Berlin-Grunewald gefunden worden sein. Zu der Todesursache ist noch nichts bekannt.<\/p>\n","protected":false},"excerpt":{"rendered":"Er wurde 85 Jahre alt In K\u00f6ln geboren: Schlager-Legende Jack White ist tot 16.10.2025 &#8211; 11:56 UhrLesedauer: 1&hellip;\n","protected":false},"author":2,"featured_media":502953,"comment_status":"","ping_status":"","sticky":false,"template":"","format":"standard","meta":{"footnotes":""},"categories":[1828],"tags":[29,30,48186,1420,1209,970],"class_list":{"0":"post-502952","1":"post","2":"type-post","3":"status-publish","4":"format-standard","5":"has-post-thumbnail","7":"category-koeln","8":"tag-deutschland","9":"tag-germany","10":"tag-jack-white","11":"tag-koeln","12":"tag-nordrhein-westfalen","13":"tag-schlager"},"share_on_mastodon":{"url":"https:\/\/pubeurope.com\/@de\/115383373170119715","error":""},"_links":{"self":[{"href":"https:\/\/www.europesays.com\/de\/wp-json\/wp\/v2\/posts\/502952","targetHints":{"allow":["GET"]}}],"collection":[{"href":"https:\/\/www.europesays.com\/de\/wp-json\/wp\/v2\/posts"}],"about":[{"href":"https:\/\/www.europesays.com\/de\/wp-json\/wp\/v2\/types\/post"}],"author":[{"embeddable":true,"href":"https:\/\/www.europesays.com\/de\/wp-json\/wp\/v2\/users\/2"}],"replies":[{"embeddable":true,"href":"https:\/\/www.europesays.com\/de\/wp-json\/wp\/v2\/comments?post=502952"}],"version-history":[{"count":0,"href":"https:\/\/www.europesays.com\/de\/wp-json\/wp\/v2\/posts\/502952\/revisions"}],"wp:featuredmedia":[{"embeddable":true,"href":"https:\/\/www.europesays.com\/de\/wp-json\/wp\/v2\/media\/502953"}],"wp:attachment":[{"href":"https:\/\/www.europesays.com\/de\/wp-json\/wp\/v2\/media?parent=502952"}],"wp:term":[{"taxonomy":"category","embeddable":true,"href":"https:\/\/www.europesays.com\/de\/wp-json\/wp\/v2\/categories?post=502952"},{"taxonomy":"post_tag","embeddable":true,"href":"https:\/\/www.europesays.com\/de\/wp-json\/wp\/v2\/tags?post=502952"}],"curies":[{"name":"wp","href":"https:\/\/api.w.org\/{rel}","templated":true}]}}