{"id":502954,"date":"2025-10-16T10:28:16","date_gmt":"2025-10-16T10:28:16","guid":{"rendered":"https:\/\/www.europesays.com\/de\/502954\/"},"modified":"2025-10-16T10:28:16","modified_gmt":"2025-10-16T10:28:16","slug":"immer-weniger-fahren-mit-dem-auto","status":"publish","type":"post","link":"https:\/\/www.europesays.com\/de\/502954\/","title":{"rendered":"Immer weniger fahren mit dem Auto"},"content":{"rendered":"<p><strong>Immer weniger Menschen sind mit dem Auto unterwegs. Nach aktuellen Verkehrszahlen ist der Anteil der Autofahrenden in M\u00fcnchen in den vergangenen acht Jahren um\u00a010 Prozent gesunken. Gleichzeitig legen immer mehr M\u00fcnchnerinnen und M\u00fcnchner ihre Wege zu Fu\u00df oder mit dem Rad zur\u00fcck.<\/strong><\/p>\n<p>Fu\u00dfg\u00e4ngeranteil steigt deutlich<\/p>\n<p>Besonders auff\u00e4llig ist der Anstieg beim <strong>Fu\u00dfverkehr<\/strong>: Der Anteil der Wege, die zu Fu\u00df zur\u00fcckgelegt werden, ist in den letzten acht Jahren um <strong>9 Prozent gestiegen<\/strong>.\u00a0<\/p>\n<p>Radverkehr legt weiter zu<\/p>\n<p>Auch der <strong>Radverkehr<\/strong> w\u00e4chst weiter. Der Anteil der Wege, die mit dem Fahrrad zur\u00fcckgelegt werden, verzeichnet ein\u00a0<strong>Plus von 3 Prozent.<\/strong><\/p>\n","protected":false},"excerpt":{"rendered":"Immer weniger Menschen sind mit dem Auto unterwegs. Nach aktuellen Verkehrszahlen ist der Anteil der Autofahrenden in M\u00fcnchen&hellip;\n","protected":false},"author":2,"featured_media":502955,"comment_status":"","ping_status":"","sticky":false,"template":"","format":"standard","meta":{"footnotes":""},"categories":[1827],"tags":[772,29,30,1268],"class_list":{"0":"post-502954","1":"post","2":"type-post","3":"status-publish","4":"format-standard","5":"has-post-thumbnail","7":"category-muenchen","8":"tag-bayern","9":"tag-deutschland","10":"tag-germany","11":"tag-muenchen"},"share_on_mastodon":{"url":"https:\/\/pubeurope.com\/@de\/115383376666741857","error":""},"_links":{"self":[{"href":"https:\/\/www.europesays.com\/de\/wp-json\/wp\/v2\/posts\/502954","targetHints":{"allow":["GET"]}}],"collection":[{"href":"https:\/\/www.europesays.com\/de\/wp-json\/wp\/v2\/posts"}],"about":[{"href":"https:\/\/www.europesays.com\/de\/wp-json\/wp\/v2\/types\/post"}],"author":[{"embeddable":true,"href":"https:\/\/www.europesays.com\/de\/wp-json\/wp\/v2\/users\/2"}],"replies":[{"embeddable":true,"href":"https:\/\/www.europesays.com\/de\/wp-json\/wp\/v2\/comments?post=502954"}],"version-history":[{"count":0,"href":"https:\/\/www.europesays.com\/de\/wp-json\/wp\/v2\/posts\/502954\/revisions"}],"wp:featuredmedia":[{"embeddable":true,"href":"https:\/\/www.europesays.com\/de\/wp-json\/wp\/v2\/media\/502955"}],"wp:attachment":[{"href":"https:\/\/www.europesays.com\/de\/wp-json\/wp\/v2\/media?parent=502954"}],"wp:term":[{"taxonomy":"category","embeddable":true,"href":"https:\/\/www.europesays.com\/de\/wp-json\/wp\/v2\/categories?post=502954"},{"taxonomy":"post_tag","embeddable":true,"href":"https:\/\/www.europesays.com\/de\/wp-json\/wp\/v2\/tags?post=502954"}],"curies":[{"name":"wp","href":"https:\/\/api.w.org\/{rel}","templated":true}]}}